{"id":121833,"date":"2020-02-12T14:21:23","date_gmt":"2020-02-12T13:21:23","guid":{"rendered":"https:\/\/zjarr.tv\/?p=121833"},"modified":"2020-02-12T14:21:23","modified_gmt":"2020-02-12T13:21:23","slug":"kujtim-gjuzi-perplaset-rende-me-ramen-ne-kuvend","status":"publish","type":"post","link":"https:\/\/zjarr.tv\/sq\/kujtim-gjuzi-perplaset-rende-me-ramen-ne-kuvend\/","title":{"rendered":"Kujtim Gjuzi p\u00ebrplaset r\u00ebnd\u00eb me Ram\u00ebn n\u00eb Kuvend"},"content":{"rendered":"<p>N\u00eb munges\u00eb t\u00eb opozit\u00ebs s\u00eb Bash\u00ebs, Rama n\u00eb parlament p\u00ebrballet me opozit\u00ebn e re. Gjat\u00eb fjal\u00ebs s\u00eb tij ai \u00ebsht\u00eb marr\u00eb edhe me deputetin Kujtim Gjuzi, ndaj t\u00eb cilit ka hedhur disa batuta.<\/p>\n<p><strong>Edi Rama:<\/strong>\u00a0<em>Kur e shoh lartmadhnin\u00eb un\u00eb, q\u00eb vjen k\u00ebtu, harron se ne tironsit e kemi njohur nj\u00ebri-tjetrin edhe para \u201990-s. Na e tregoi Tiron\u00ebn e vet sikur t\u00eb ishte vatra e antikomunizmin me at\u00eb n\u00eb krye. Harron lartmadh\u00ebnia q\u00eb e kam njohur edhe n\u00eb at\u00eb koh\u00eb. Je i mir\u00ebkuptuar, jo t\u00eb gjith\u00eb e nxjerrin menj\u00ebher\u00eb lepurin, ke koh\u00eb. E vetmja gj\u00eb q\u00eb t\u2019i dhe ju mund t\u00eb garantoni, \u00ebsht\u00eb q\u00eb mustaqet tuaja nuk mund t\u00eb preken, asgj\u00eb tjet\u00ebr.<\/em><\/p>\n<p>Nd\u00ebrkoh\u00eb nga karrigia e tij deputeti Gjuzi \u00ebsht\u00eb futur n\u00eb debat me kryeministrin Rama por fjal\u00ebt e tij nuk d\u00ebgjoheshin mir\u00eb pasi ishte pa mikrofon.<\/p>\n<p>Disa nga akuza q\u00eb Gjuzi hodhi ishin:<em>\u00a0\u201cbabain e ke pasur kriminel\u201d<\/em>, \u201cl\u00ebviz me polic\u00eb nga pas\u201d, \u201cnuk ke p\u00ebr t\u2019i marr\u00eb pronat\u201d, \u201ce ke vil\u00ebn pa leje\u201d.<\/p>\n","protected":false},"excerpt":{"rendered":"<p>N\u00eb munges\u00eb t\u00eb opozit\u00ebs s\u00eb Bash\u00ebs, Rama n\u00eb parlament p\u00ebrballet me opozit\u00ebn e re. Gjat\u00eb fjal\u00ebs s\u00eb tij ai \u00ebsht\u00eb marr\u00eb edhe me deputetin Kujtim Gjuzi, ndaj t\u00eb cilit ka hedhur disa batuta. Edi Rama:\u00a0Kur e shoh lartmadhnin\u00eb un\u00eb, q\u00eb vjen k\u00ebtu, harron se ne tironsit e kemi njohur nj\u00ebri-tjetrin edhe para \u201990-s. Na e [&hellip;]<\/p>\n","protected":false},"author":2013,"featured_media":121834,"comment_status":"open","ping_status":"closed","sticky":false,"template":"","format":"standard","meta":{"footnotes":""},"categories":[241,235],"tags":[],"class_list":{"0":"post-121833","1":"post","2":"type-post","3":"status-publish","4":"format-standard","5":"has-post-thumbnail","7":"category-aktualitet","8":"category-vendi"},"_links":{"self":[{"href":"https:\/\/zjarr.tv\/sq\/wp-json\/wp\/v2\/posts\/121833","targetHints":{"allow":["GET"]}}],"collection":[{"href":"https:\/\/zjarr.tv\/sq\/wp-json\/wp\/v2\/posts"}],"about":[{"href":"https:\/\/zjarr.tv\/sq\/wp-json\/wp\/v2\/types\/post"}],"author":[{"embeddable":true,"href":"https:\/\/zjarr.tv\/sq\/wp-json\/wp\/v2\/users\/2013"}],"replies":[{"embeddable":true,"href":"https:\/\/zjarr.tv\/sq\/wp-json\/wp\/v2\/comments?post=121833"}],"version-history":[{"count":0,"href":"https:\/\/zjarr.tv\/sq\/wp-json\/wp\/v2\/posts\/121833\/revisions"}],"wp:featuredmedia":[{"embeddable":true,"href":"https:\/\/zjarr.tv\/sq\/wp-json\/wp\/v2\/media\/121834"}],"wp:attachment":[{"href":"https:\/\/zjarr.tv\/sq\/wp-json\/wp\/v2\/media?parent=121833"}],"wp:term":[{"taxonomy":"category","embeddable":true,"href":"https:\/\/zjarr.tv\/sq\/wp-json\/wp\/v2\/categories?post=121833"},{"taxonomy":"post_tag","embeddable":true,"href":"https:\/\/zjarr.tv\/sq\/wp-json\/wp\/v2\/tags?post=121833"}],"curies":[{"name":"wp","href":"https:\/\/api.w.org\/{rel}","templated":true}]}}