{"id":121836,"date":"2020-02-12T14:23:25","date_gmt":"2020-02-12T13:23:25","guid":{"rendered":"https:\/\/zjarr.tv\/?p=121836"},"modified":"2020-02-12T14:23:25","modified_gmt":"2020-02-12T13:23:25","slug":"ishp-kujdes-gripi-sezonal-eshte-problem-serioz","status":"publish","type":"post","link":"https:\/\/zjarr.tv\/sq\/ishp-kujdes-gripi-sezonal-eshte-problem-serioz\/","title":{"rendered":"ISHP: Kujdes, gripi sezonal \u00ebsht\u00eb problem serioz!"},"content":{"rendered":"<p>Instituti i Sh\u00ebndetit Publik ka dh\u00ebn\u00eb sot udh\u00ebzimin e radh\u00ebs lidhur me epidemin\u00eb e gripit n\u00eb vendin ton\u00eb dhe kujdesin q\u00eb duhet\u00a0treguar:<\/p>\n<p>Gripi mund t\u00eb prek\u00eb \u00e7do njeri n\u00eb \u00e7do grup-mosh\u00eb. \u00c7do njeri mund t\u00eb s\u00ebmuret shum\u00eb r\u00ebnd\u00eb me grip, duke p\u00ebrfshir\u00eb edhe njer\u00ebzit t\u00eb cil\u00ebt jan\u00eb t\u00eb sh\u00ebndetsh\u00ebm. Gripi sezonal \u00ebsht\u00eb nj\u00eb problem serioz i sh\u00ebndetit publik i cili shkakton gjendje t\u00eb r\u00ebnd\u00eb sh\u00ebndet\u00ebsore, shtrime n\u00eb spital dhe deri n\u00eb vdekje tek grupet me risk t\u00eb lart\u00eb. N\u00ebse ju s\u00ebmureni me grip ju mund t\u2019ia transmetoni edhe t\u00eb tjer\u00ebve edhe pse ju mund t\u00eb mos ndiheni t\u00eb s\u00ebmur\u00eb.<\/p>\n","protected":false},"excerpt":{"rendered":"<p>Instituti i Sh\u00ebndetit Publik ka dh\u00ebn\u00eb sot udh\u00ebzimin e radh\u00ebs lidhur me epidemin\u00eb e gripit n\u00eb vendin ton\u00eb dhe kujdesin q\u00eb duhet\u00a0treguar: Gripi mund t\u00eb prek\u00eb \u00e7do njeri n\u00eb \u00e7do grup-mosh\u00eb. \u00c7do njeri mund t\u00eb s\u00ebmuret shum\u00eb r\u00ebnd\u00eb me grip, duke p\u00ebrfshir\u00eb edhe njer\u00ebzit t\u00eb cil\u00ebt jan\u00eb t\u00eb sh\u00ebndetsh\u00ebm. Gripi sezonal \u00ebsht\u00eb nj\u00eb problem serioz [&hellip;]<\/p>\n","protected":false},"author":2013,"featured_media":61113,"comment_status":"open","ping_status":"closed","sticky":false,"template":"","format":"standard","meta":{"footnotes":""},"categories":[241,235],"tags":[],"class_list":{"0":"post-121836","1":"post","2":"type-post","3":"status-publish","4":"format-standard","5":"has-post-thumbnail","7":"category-aktualitet","8":"category-vendi"},"_links":{"self":[{"href":"https:\/\/zjarr.tv\/sq\/wp-json\/wp\/v2\/posts\/121836","targetHints":{"allow":["GET"]}}],"collection":[{"href":"https:\/\/zjarr.tv\/sq\/wp-json\/wp\/v2\/posts"}],"about":[{"href":"https:\/\/zjarr.tv\/sq\/wp-json\/wp\/v2\/types\/post"}],"author":[{"embeddable":true,"href":"https:\/\/zjarr.tv\/sq\/wp-json\/wp\/v2\/users\/2013"}],"replies":[{"embeddable":true,"href":"https:\/\/zjarr.tv\/sq\/wp-json\/wp\/v2\/comments?post=121836"}],"version-history":[{"count":0,"href":"https:\/\/zjarr.tv\/sq\/wp-json\/wp\/v2\/posts\/121836\/revisions"}],"wp:featuredmedia":[{"embeddable":true,"href":"https:\/\/zjarr.tv\/sq\/wp-json\/wp\/v2\/media\/61113"}],"wp:attachment":[{"href":"https:\/\/zjarr.tv\/sq\/wp-json\/wp\/v2\/media?parent=121836"}],"wp:term":[{"taxonomy":"category","embeddable":true,"href":"https:\/\/zjarr.tv\/sq\/wp-json\/wp\/v2\/categories?post=121836"},{"taxonomy":"post_tag","embeddable":true,"href":"https:\/\/zjarr.tv\/sq\/wp-json\/wp\/v2\/tags?post=121836"}],"curies":[{"name":"wp","href":"https:\/\/api.w.org\/{rel}","templated":true}]}}