{"id":121840,"date":"2020-02-12T14:27:36","date_gmt":"2020-02-12T13:27:36","guid":{"rendered":"https:\/\/zjarr.tv\/?p=121840"},"modified":"2020-02-12T14:27:36","modified_gmt":"2020-02-12T13:27:36","slug":"venecia-neser-ne-tirane","status":"publish","type":"post","link":"https:\/\/zjarr.tv\/sq\/venecia-neser-ne-tirane\/","title":{"rendered":"Venecia nes\u00ebr n\u00eb Tiran\u00eb"},"content":{"rendered":"<p><em>Kush e shkeli Kushtetut\u00ebn, Presidenti apo Kuvendi? P\u00ebr k\u00ebt\u00eb arsye Komisioni i Venecias do t\u00eb ballafaqoj\u00eb Presidentin Ilir Meta dhe mazhoranc\u00ebn p\u00ebr Gjykat\u00ebn Kushtetuese n\u00eb seanc\u00ebn plenare t\u00eb 20 marsit t\u00eb k\u00ebtij viti.<\/em><\/p>\n<p>Nj\u00eb p\u00ebrfaq\u00ebsi nga Komisioni i Venecias pritet t\u00eb vizitoj\u00eb Tiran\u00ebn me 13-14 shkurt, p\u00ebr t\u00eb d\u00ebgjuar ball\u00eb p\u00ebr ball\u00eb t\u00eb gjitha pal\u00ebt e p\u00ebrfshira n\u00eb \u00e7\u00ebshtjen e ngritjes s\u00eb Gjykat\u00ebs Kushtetuese.<\/p>\n<p>Axhenda e takimeve t\u00eb delegacionit do t\u00eb nis\u00eb me kryeparlamentarin Gramoz Ru\u00e7i n\u00eb or\u00ebn 09:30 t\u00eb s\u00eb enjtes, \u00a0n\u00eb 10:40 do t\u00eb ken\u00eb takim me Komisionin Hetimor, n\u00eb 12 me presidentin Ilir Meta dhe n\u00eb 16:00 me Arta Vorpsin.<\/p>\n<p>Nd\u00ebrkoh\u00eb me 14 shkurt, delegacioni i Venecias do t\u00eb takohet me kreun e KED, Ardian Dvorani.<\/p>\n<p>Aktualisht Komisioni i Venecias ka administruar pyetjet e Kuvendit, t\u00eb cilat k\u00ebrkojn\u00eb ta cil\u00ebsojn\u00eb antikushtetuese dekretin e Kreut t\u00eb Shtetit p\u00ebr an\u00ebtaren e Kushtetueses Marsida Xhaferllari,<\/p>\n<p>dhe k\u00ebrkes\u00ebn prej 64 faqesh t\u00eb Ilir Met\u00ebs ku akuzon Parlamentin dhe kreun e KED-s\u00eb Ardian Dvoranin se kan\u00eb shkelur Kushtetut\u00ebn p\u00ebr em\u00ebrimin e dy an\u00ebtareve t\u00eb tjera t\u00eb Kushtetueses Elsa Toska dhe Fiona Papajorgji.<\/p>\n<p>Pas vizit\u00ebs n\u00eb Tiran\u00eb, Venecia do t\u00eb ket\u00eb edhe nj\u00eb raport paraprak p\u00ebr vendin ton\u00eb, nd\u00ebrkoh\u00eb q\u00eb me 20 mars do t\u00eb mbahet edhe seanca plenare me dyer t\u00eb mbyllura e Komisionit t\u00eb Venecias.<\/p>\n<p>N\u00eb k\u00ebt\u00eb seanc\u00eb p\u00ebrfaq\u00ebsuesit e Presidenc\u00ebs dhe t\u00eb Kuvendit do t\u00eb arsyetojn\u00eb k\u00ebrkes\u00ebn e tyr\u00eb p\u00ebrpara zyrtar\u00ebve t\u00eb k\u00ebtij Komisioni dhe n\u00eb fund t\u00eb k\u00ebtij takimi do t\u00eb ket\u00eb edhe nj\u00eb raport p\u00ebrfundimtar p\u00ebr t\u2019i dh\u00ebn\u00eb zgjidhje debatit institucional p\u00ebr Gjykat\u00ebn Kushtetuese.<\/p>\n","protected":false},"excerpt":{"rendered":"<p>Kush e shkeli Kushtetut\u00ebn, Presidenti apo Kuvendi? P\u00ebr k\u00ebt\u00eb arsye Komisioni i Venecias do t\u00eb ballafaqoj\u00eb Presidentin Ilir Meta dhe mazhoranc\u00ebn p\u00ebr Gjykat\u00ebn Kushtetuese n\u00eb seanc\u00ebn plenare t\u00eb 20 marsit t\u00eb k\u00ebtij viti. Nj\u00eb p\u00ebrfaq\u00ebsi nga Komisioni i Venecias pritet t\u00eb vizitoj\u00eb Tiran\u00ebn me 13-14 shkurt, p\u00ebr t\u00eb d\u00ebgjuar ball\u00eb p\u00ebr ball\u00eb t\u00eb gjitha pal\u00ebt [&hellip;]<\/p>\n","protected":false},"author":2013,"featured_media":92094,"comment_status":"open","ping_status":"closed","sticky":false,"template":"","format":"standard","meta":{"footnotes":""},"categories":[241,235],"tags":[],"class_list":{"0":"post-121840","1":"post","2":"type-post","3":"status-publish","4":"format-standard","5":"has-post-thumbnail","7":"category-aktualitet","8":"category-vendi"},"_links":{"self":[{"href":"https:\/\/zjarr.tv\/sq\/wp-json\/wp\/v2\/posts\/121840","targetHints":{"allow":["GET"]}}],"collection":[{"href":"https:\/\/zjarr.tv\/sq\/wp-json\/wp\/v2\/posts"}],"about":[{"href":"https:\/\/zjarr.tv\/sq\/wp-json\/wp\/v2\/types\/post"}],"author":[{"embeddable":true,"href":"https:\/\/zjarr.tv\/sq\/wp-json\/wp\/v2\/users\/2013"}],"replies":[{"embeddable":true,"href":"https:\/\/zjarr.tv\/sq\/wp-json\/wp\/v2\/comments?post=121840"}],"version-history":[{"count":0,"href":"https:\/\/zjarr.tv\/sq\/wp-json\/wp\/v2\/posts\/121840\/revisions"}],"wp:featuredmedia":[{"embeddable":true,"href":"https:\/\/zjarr.tv\/sq\/wp-json\/wp\/v2\/media\/92094"}],"wp:attachment":[{"href":"https:\/\/zjarr.tv\/sq\/wp-json\/wp\/v2\/media?parent=121840"}],"wp:term":[{"taxonomy":"category","embeddable":true,"href":"https:\/\/zjarr.tv\/sq\/wp-json\/wp\/v2\/categories?post=121840"},{"taxonomy":"post_tag","embeddable":true,"href":"https:\/\/zjarr.tv\/sq\/wp-json\/wp\/v2\/tags?post=121840"}],"curies":[{"name":"wp","href":"https:\/\/api.w.org\/{rel}","templated":true}]}}