{"id":121842,"date":"2020-02-12T14:29:22","date_gmt":"2020-02-12T13:29:22","guid":{"rendered":"https:\/\/zjarr.tv\/?p=121842"},"modified":"2020-02-12T14:29:22","modified_gmt":"2020-02-12T13:29:22","slug":"kqz-i-heq-mandatin-mirush-demes-anetarit-socialist-te-keshillit-bashkiak-kamez","status":"publish","type":"post","link":"https:\/\/zjarr.tv\/sq\/kqz-i-heq-mandatin-mirush-demes-anetarit-socialist-te-keshillit-bashkiak-kamez\/","title":{"rendered":"KQZ i heq mandatin Mirush Dem\u00ebs, an\u00ebtarit socialist t\u00eb k\u00ebshillit bashkiak Kam\u00ebz"},"content":{"rendered":"<div class=\"readmore-text-here\">\n<p>Komisioni Qendror i Zgjedhjeve i heq mandatin Mirush Dem\u00ebs, an\u00ebtar i k\u00ebshillit bashkiak Kam\u00ebz. Ka qen\u00eb Prokuroria e P\u00ebrgjithshme ajo e cila para pak dit\u00ebsh iu drejtua me nj\u00eb k\u00ebrkes\u00eb Komisionit Qendror t\u00eb Zgjedhjeve q\u00eb t\u2019i nd\u00ebrpres\u00eb mandatin k\u00ebshilltarit socialist n\u00eb Kam\u00ebz, Mirush Dema. Ai ka deklaruar nj\u00eb ndalim p\u00ebr verifikim n\u00eb Gjenev\u00eb dhe d\u00ebbim n\u00eb Suedi e n\u00eb vendet e BE-s\u00eb deri n\u00eb tetor 2019.<\/p>\n<div id=\"rekl-13\">\n<div id=\"__sap-ad-15\" class=\"__sap-ads __sap-html tracked\" data-title=\"Credins desktop Brenda lajmit 08\"><ins><\/p>\n<div id=\"beacon_361efab20f\"><img loading=\"lazy\" decoding=\"async\" src=\"https:\/\/ads1.medium.al\/www\/delivery\/lg.php?bannerid=522&amp;campaignid=76&amp;zoneid=232&amp;loc=https%3A%2F%2Fwww.syri.net%2Fpolitike%2F315338%2Fkqz-i-heq-mandatin-mirush-demes-anetarit-socialist-te-keshillit-bashkiak-kamez%2F&amp;referer=https%3A%2F%2Fwww.syri.net%2Flajme%2F&amp;cb=361efab20f\" alt=\"\" width=\"0\" height=\"0\" \/>Ashtu si\u00e7 e kishte lajm\u00ebruar m\u00eb par\u00eb KQZ, pas nj\u00eb mbledhje dit\u00ebn e sotme, dha vendimin p\u00ebr Dem\u00ebn.<\/div>\n<p><\/ins><\/div>\n<\/div>\n<div id=\"rekl-42\"><\/div>\n<p>&nbsp;<\/p>\n<\/div>\n<div id=\"rekl-33\"><\/div>\n","protected":false},"excerpt":{"rendered":"<p>Komisioni Qendror i Zgjedhjeve i heq mandatin Mirush Dem\u00ebs, an\u00ebtar i k\u00ebshillit bashkiak Kam\u00ebz. Ka qen\u00eb Prokuroria e P\u00ebrgjithshme ajo e cila para pak dit\u00ebsh iu drejtua me nj\u00eb k\u00ebrkes\u00eb Komisionit Qendror t\u00eb Zgjedhjeve q\u00eb t\u2019i nd\u00ebrpres\u00eb mandatin k\u00ebshilltarit socialist n\u00eb Kam\u00ebz, Mirush Dema. Ai ka deklaruar nj\u00eb ndalim p\u00ebr verifikim n\u00eb Gjenev\u00eb dhe d\u00ebbim [&hellip;]<\/p>\n","protected":false},"author":2013,"featured_media":70929,"comment_status":"open","ping_status":"closed","sticky":false,"template":"","format":"standard","meta":{"footnotes":""},"categories":[241,235],"tags":[],"class_list":{"0":"post-121842","1":"post","2":"type-post","3":"status-publish","4":"format-standard","5":"has-post-thumbnail","7":"category-aktualitet","8":"category-vendi"},"_links":{"self":[{"href":"https:\/\/zjarr.tv\/sq\/wp-json\/wp\/v2\/posts\/121842","targetHints":{"allow":["GET"]}}],"collection":[{"href":"https:\/\/zjarr.tv\/sq\/wp-json\/wp\/v2\/posts"}],"about":[{"href":"https:\/\/zjarr.tv\/sq\/wp-json\/wp\/v2\/types\/post"}],"author":[{"embeddable":true,"href":"https:\/\/zjarr.tv\/sq\/wp-json\/wp\/v2\/users\/2013"}],"replies":[{"embeddable":true,"href":"https:\/\/zjarr.tv\/sq\/wp-json\/wp\/v2\/comments?post=121842"}],"version-history":[{"count":0,"href":"https:\/\/zjarr.tv\/sq\/wp-json\/wp\/v2\/posts\/121842\/revisions"}],"wp:featuredmedia":[{"embeddable":true,"href":"https:\/\/zjarr.tv\/sq\/wp-json\/wp\/v2\/media\/70929"}],"wp:attachment":[{"href":"https:\/\/zjarr.tv\/sq\/wp-json\/wp\/v2\/media?parent=121842"}],"wp:term":[{"taxonomy":"category","embeddable":true,"href":"https:\/\/zjarr.tv\/sq\/wp-json\/wp\/v2\/categories?post=121842"},{"taxonomy":"post_tag","embeddable":true,"href":"https:\/\/zjarr.tv\/sq\/wp-json\/wp\/v2\/tags?post=121842"}],"curies":[{"name":"wp","href":"https:\/\/api.w.org\/{rel}","templated":true}]}}