{"id":121844,"date":"2020-02-12T14:30:38","date_gmt":"2020-02-12T13:30:38","guid":{"rendered":"https:\/\/zjarr.tv\/?p=121844"},"modified":"2020-02-12T14:30:38","modified_gmt":"2020-02-12T13:30:38","slug":"basha-pas-takimit-me-lideret-shqiptare-pres-me-kenaqesi-te-vizitoj-luginen-e-presheves","status":"publish","type":"post","link":"https:\/\/zjarr.tv\/sq\/basha-pas-takimit-me-lideret-shqiptare-pres-me-kenaqesi-te-vizitoj-luginen-e-presheves\/","title":{"rendered":"Basha, pas takimit me lider\u00ebt shqiptar\u00eb: Pres me k\u00ebnaq\u00ebsi t\u00eb vizitoj Lugin\u00ebn e Preshev\u00ebs"},"content":{"rendered":"<p>Kryetari i\u00a0PD-s\u00eb Lulzim Basha ka pasur nj\u00eb takim sot me\u00a0 lider\u00eb shqiptar\u00eb t\u00eb Lugin\u00ebs s\u00eb Preshev\u00ebs, t\u00eb cil\u00ebt i ka p\u00ebrg\u00ebzuar p\u00ebr hapin e nd\u00ebrmarr\u00eb s\u00eb fundmi: unifikimin e partive shqiptare atje.<\/p>\n<p>\u201cK\u00ebnaq\u00ebsi te prisja n\u00eb Tiran\u00eb, z. Armend Aliu, zv. Kryetar i Komun\u00ebs s\u00eb Preshev\u00ebs nj\u00ebher\u00ebsh dhe i partis\u00eb Alternativa p\u00ebr Ndryshim si dhe z. Arb\u00ebr Pajaziti, kryetar i Alternativ\u00ebs per Ndryshim n\u00eb Bujanovc, &#8211; tregon Basha n\u00eb Fb. &#8211; \u00a0U ndal\u00ebm gjer\u00ebsisht n\u00eb gjendjen e shqiptar\u00ebve n\u00eb Lugin\u00ebn e Preshev\u00ebs dhe sfidat dhe pritshm\u00ebrit\u00eb e tyre p\u00ebr t\u00eb nes\u00ebrmen.<\/p>\n<p>PD mb\u00ebshtet plot\u00ebsisht k\u00ebrkesat legjitime t\u00eb shqiptar\u00ebve t\u00eb Lugin\u00ebs, duke i konsideruar si \u00e7\u00ebshtje prioritare dhe angazhohet p\u00ebr t\u00eb dh\u00ebn\u00eb kontribut thelb\u00ebsor n\u00eb mbrojtjen dhe promovimin e t\u00eb drejtave t\u00eb tyre si dhe p\u00ebr zhvillimin ekonomik e social, dhe n\u00eb fush\u00ebn e arsimit dhe sh\u00ebndet\u00ebsis\u00eb.P\u00ebrg\u00ebzoj unifikimin e partive shqiptare si hap i domosdosh\u00ebm p\u00ebr fuqizimin dhe rritjen e p\u00ebrfaq\u00ebsimit t\u00eb tyre dhe q\u00eb z\u00ebri i tyre t\u00eb forcohet e t\u00eb jehoj\u00eb m\u00eb fort n\u00eb mbrojtje t\u00eb t\u00eb drejtave t\u00eb bashk\u00ebkombasve tan\u00eb q\u00eb jetojn\u00eb n\u00eb Lugin\u00ebn e Preshev\u00ebs. Pres me k\u00ebnaq\u00ebsi t\u00eb vizitoj s\u00eb shpejti personalisht Lugin\u00ebn e Preshev\u00ebs,\u201d p\u00ebrfundon sh\u00ebnimin e tij kreu i PD-s\u00eb.<\/p>\n","protected":false},"excerpt":{"rendered":"<p>Kryetari i\u00a0PD-s\u00eb Lulzim Basha ka pasur nj\u00eb takim sot me\u00a0 lider\u00eb shqiptar\u00eb t\u00eb Lugin\u00ebs s\u00eb Preshev\u00ebs, t\u00eb cil\u00ebt i ka p\u00ebrg\u00ebzuar p\u00ebr hapin e nd\u00ebrmarr\u00eb s\u00eb fundmi: unifikimin e partive shqiptare atje. \u201cK\u00ebnaq\u00ebsi te prisja n\u00eb Tiran\u00eb, z. Armend Aliu, zv. Kryetar i Komun\u00ebs s\u00eb Preshev\u00ebs nj\u00ebher\u00ebsh dhe i partis\u00eb Alternativa p\u00ebr Ndryshim si dhe [&hellip;]<\/p>\n","protected":false},"author":2013,"featured_media":121845,"comment_status":"open","ping_status":"closed","sticky":false,"template":"","format":"standard","meta":{"footnotes":""},"categories":[241,235],"tags":[],"class_list":{"0":"post-121844","1":"post","2":"type-post","3":"status-publish","4":"format-standard","5":"has-post-thumbnail","7":"category-aktualitet","8":"category-vendi"},"_links":{"self":[{"href":"https:\/\/zjarr.tv\/sq\/wp-json\/wp\/v2\/posts\/121844","targetHints":{"allow":["GET"]}}],"collection":[{"href":"https:\/\/zjarr.tv\/sq\/wp-json\/wp\/v2\/posts"}],"about":[{"href":"https:\/\/zjarr.tv\/sq\/wp-json\/wp\/v2\/types\/post"}],"author":[{"embeddable":true,"href":"https:\/\/zjarr.tv\/sq\/wp-json\/wp\/v2\/users\/2013"}],"replies":[{"embeddable":true,"href":"https:\/\/zjarr.tv\/sq\/wp-json\/wp\/v2\/comments?post=121844"}],"version-history":[{"count":0,"href":"https:\/\/zjarr.tv\/sq\/wp-json\/wp\/v2\/posts\/121844\/revisions"}],"wp:featuredmedia":[{"embeddable":true,"href":"https:\/\/zjarr.tv\/sq\/wp-json\/wp\/v2\/media\/121845"}],"wp:attachment":[{"href":"https:\/\/zjarr.tv\/sq\/wp-json\/wp\/v2\/media?parent=121844"}],"wp:term":[{"taxonomy":"category","embeddable":true,"href":"https:\/\/zjarr.tv\/sq\/wp-json\/wp\/v2\/categories?post=121844"},{"taxonomy":"post_tag","embeddable":true,"href":"https:\/\/zjarr.tv\/sq\/wp-json\/wp\/v2\/tags?post=121844"}],"curies":[{"name":"wp","href":"https:\/\/api.w.org\/{rel}","templated":true}]}}