{"id":121847,"date":"2020-02-12T14:31:54","date_gmt":"2020-02-12T13:31:54","guid":{"rendered":"https:\/\/zjarr.tv\/?p=121847"},"modified":"2020-02-12T14:31:54","modified_gmt":"2020-02-12T13:31:54","slug":"drejtori-i-policise-shkoder-ngre-shqetesimin-kanabisi-po-kultivohet-ne-male","status":"publish","type":"post","link":"https:\/\/zjarr.tv\/sq\/drejtori-i-policise-shkoder-ngre-shqetesimin-kanabisi-po-kultivohet-ne-male\/","title":{"rendered":"Drejtori i Policis\u00eb Shkod\u00ebr ngre shqet\u00ebsimin: Kanabisi po kultivohet n\u00eb male"},"content":{"rendered":"<p><em>Vet\u00ebm pak dit\u00eb pas raportit t\u00eb televizionit italian Rai 3 q\u00eb fliste p\u00ebr nj\u00eb rikthim t\u00eb kultivimit t\u00eb kanabisit n\u00eb Shqip\u00ebri, drejtori i policis\u00eb s\u00eb Shkodr\u00ebs pranon se fenomeni mbetet prezent ndon\u00ebse n\u00eb nj\u00eb form\u00eb tjet\u00ebr. Kultivimi I l\u00ebnd\u00ebs narkotike sipas tij po tentohet me parcela t\u00eb vogla n\u00eb zonat e thella malore ku policia e ka t\u00eb v\u00ebshtir\u00eb patrullimin me mjetet q\u00eb ka n\u00eb dispozicion. P\u00ebr k\u00ebt\u00eb arsye kryepolici i qarkut ka k\u00ebrkuar dyfishim t\u00eb fluturimeve monitoruese n\u00eb qarkun e Shkodr\u00ebs.<\/em><\/p>\n<p>P\u00ebr her\u00eb t\u00eb par\u00eb nj\u00eb zyrtar i lart\u00eb i Policis\u00eb s\u00eb Shtetit pranon ekzistenc\u00ebn e fenomenit t\u00eb kultivimit t\u00eb kanabisit n\u00eb Shqip\u00ebri, nd\u00ebrsa sqaron se strategjia e grupeve kriminale ka ndryshuar.Vet\u00ebm pak dit\u00eb pas reportazhit t\u00eb televizionit italian, RAI 3, q\u00eb fliste p\u00ebr 12 fishim t\u00eb kultivimit, t\u00eb mohuar nga qeveria, drejtori policis\u00eb s\u00eb qarkut Shkod\u00ebr pranon se fenomeni ekziston edhe pse n\u00eb nj\u00eb form\u00eb tjet\u00ebr.<\/p>\n<p>Kanabisi sipas Niko Brahimajt tashm\u00eb po kultivohet me parcela t\u00eb vogla por t\u00eb shp\u00ebrndara n\u00eb zona t\u00eb thella ku prania e policis\u00eb \u00ebsht\u00eb m\u00eb e v\u00ebshtir\u00eb.Kjo \u00ebsht\u00eb arsyeja \u00a0p\u00ebrse p\u00ebr vitin 2020, \u00ebsht\u00eb k\u00ebrkuar dyfishim i fluturimeve monitoruese mbi zonat e thella n\u00eb Shkod\u00ebr.<\/p>\n<p><em><strong>Niko Brahimaj:<\/strong>\u00a0Jemi t\u00eb bindur q\u00eb do t\u00eb jen\u00eb m\u00eb tep\u00ebr se 14 ose ndoshta 16 fluturime, monitorime nga ajri. Fenomeni ka ndryshuar, tani nuk kemi m\u00eb parcela masive por kemi grupime t\u00eb vogla dhe t\u00eb shp\u00ebrndara n\u00eb shum\u00eb zona t\u00eb thella. \u00cbsht\u00eb e v\u00ebrtet\u00eb q\u00eb terreni \u00ebsht\u00eb shum\u00eb i v\u00ebshtir\u00eb.<\/em><\/p>\n<p>Ndihm\u00eb policis\u00eb do ti vijn\u00eb edhe mjetet e reja t\u00eb tonazhit t\u00eb lart\u00eb, 10 t\u00eb tilla brenda marsit.<\/p>\n<p>Por Brahimaj k\u00ebrkon bashk\u00ebpunim nga t\u00eb gjith\u00eb me q\u00ebllim q\u00eb forca godit\u00ebse t\u00eb jet\u00eb efikase.<\/p>\n<p><em><strong>Niko Brahimaj:<\/strong>\u00a0Nuk \u00ebsht\u00eb e mundur q\u00eb nj\u00eb person nga Fush\u00eb Kruja apo rrethe t\u00eb tjera fqinje t\u00eb vij\u00eb dhe t\u00eb kultivoj\u00eb n\u00eb Mal\u00ebsin\u00eb e Shkodr\u00ebs, qoft\u00eb n\u00eb Pult apo Shosh\u00eb. Dikush \u00ebsht\u00eb garantues, udh\u00ebrr\u00ebfyes.<\/em><\/p>\n<p>Nd\u00ebrsa p\u00ebrfaq\u00ebsuesit e pushtetit vendor flasin p\u00ebr v\u00ebshtir\u00ebsite q\u00eb ka kjo luft\u00eb, nga infrastruktura, tek pagat e ul\u00ebta p\u00ebr kryepleqt\u00eb e deri tek burokraci te tjera.<\/p>\n<p>Kultivimi i kanabisit n\u00eb zonat e thella malore ku policia e ka t\u00eb v\u00ebshtir\u00eb t\u00eb arrij\u00eb, nisi pasi policia intensifikoi luft\u00ebn ndaj fenomenit, por q\u00eb si\u00e7 duket beteja ende nuk \u00ebsht\u00eb fituar.<\/p>\n","protected":false},"excerpt":{"rendered":"<p>Vet\u00ebm pak dit\u00eb pas raportit t\u00eb televizionit italian Rai 3 q\u00eb fliste p\u00ebr nj\u00eb rikthim t\u00eb kultivimit t\u00eb kanabisit n\u00eb Shqip\u00ebri, drejtori i policis\u00eb s\u00eb Shkodr\u00ebs pranon se fenomeni mbetet prezent ndon\u00ebse n\u00eb nj\u00eb form\u00eb tjet\u00ebr. Kultivimi I l\u00ebnd\u00ebs narkotike sipas tij po tentohet me parcela t\u00eb vogla n\u00eb zonat e thella malore ku policia [&hellip;]<\/p>\n","protected":false},"author":2013,"featured_media":121848,"comment_status":"open","ping_status":"closed","sticky":false,"template":"","format":"standard","meta":{"footnotes":""},"categories":[241,235],"tags":[],"class_list":{"0":"post-121847","1":"post","2":"type-post","3":"status-publish","4":"format-standard","5":"has-post-thumbnail","7":"category-aktualitet","8":"category-vendi"},"_links":{"self":[{"href":"https:\/\/zjarr.tv\/sq\/wp-json\/wp\/v2\/posts\/121847","targetHints":{"allow":["GET"]}}],"collection":[{"href":"https:\/\/zjarr.tv\/sq\/wp-json\/wp\/v2\/posts"}],"about":[{"href":"https:\/\/zjarr.tv\/sq\/wp-json\/wp\/v2\/types\/post"}],"author":[{"embeddable":true,"href":"https:\/\/zjarr.tv\/sq\/wp-json\/wp\/v2\/users\/2013"}],"replies":[{"embeddable":true,"href":"https:\/\/zjarr.tv\/sq\/wp-json\/wp\/v2\/comments?post=121847"}],"version-history":[{"count":0,"href":"https:\/\/zjarr.tv\/sq\/wp-json\/wp\/v2\/posts\/121847\/revisions"}],"wp:featuredmedia":[{"embeddable":true,"href":"https:\/\/zjarr.tv\/sq\/wp-json\/wp\/v2\/media\/121848"}],"wp:attachment":[{"href":"https:\/\/zjarr.tv\/sq\/wp-json\/wp\/v2\/media?parent=121847"}],"wp:term":[{"taxonomy":"category","embeddable":true,"href":"https:\/\/zjarr.tv\/sq\/wp-json\/wp\/v2\/categories?post=121847"},{"taxonomy":"post_tag","embeddable":true,"href":"https:\/\/zjarr.tv\/sq\/wp-json\/wp\/v2\/tags?post=121847"}],"curies":[{"name":"wp","href":"https:\/\/api.w.org\/{rel}","templated":true}]}}