{"id":121855,"date":"2020-02-12T14:36:42","date_gmt":"2020-02-12T13:36:42","guid":{"rendered":"https:\/\/zjarr.tv\/?p=121855"},"modified":"2020-02-12T14:37:22","modified_gmt":"2020-02-12T13:37:22","slug":"hajdari-per-propozimet-e-pd-duhet-ti-kishin-sjelle-me-pare","status":"publish","type":"post","link":"https:\/\/zjarr.tv\/sq\/hajdari-per-propozimet-e-pd-duhet-ti-kishin-sjelle-me-pare\/","title":{"rendered":"Hajdari p\u00ebr propozimet e PD: Duhet t\u2019i kishin sjell\u00eb m\u00eb par\u00eb"},"content":{"rendered":"<p>Sot PD dha propozimet e saj lidhur me krimet zgjedhore, rolin e Policis\u00eb dhe t\u00eb SPAK-ut por Hajdari thot\u00eb se nj\u00eb pjes\u00eb e tyre jan\u00eb t\u00eb nj\u00eb natyre politike.<\/p>\n<p>Po ashtu Rudina Hajdari shton se k\u00ebto propozime duhet t\u00eb kishin ardhur m\u00eb par\u00eb dhe para takimeve t\u00eb zhvilluara p\u00ebr t\u2019u njohur m\u00eb par\u00eb me to por thot\u00eb se edhe pse propozimet mund t\u00eb jen\u00eb politike do t\u00eb gjendet nj\u00eb konsensus n\u00eb p\u00ebrputhje me rekomandimet e OSBE.<\/p>\n<p>Sa i p\u00ebrket sistemit zgjedhor, Hajdari shprehet se eksperti i opozit\u00ebs parlamentare do t\u00eb punoj\u00eb vet\u00ebm p\u00ebr ndryshimin e tij. \u201dMbledhja ishte n\u00eb p\u00ebrgjith\u00ebsi q\u00eb ram\u00eb dakort p\u00ebr t\u00eb treguar ccdo b\u00ebhet n\u00eb jav\u00ebt n\u00eb vijim. U bashkuanekspert\u00ebt e huaj dhe vendas, p\u00ebr t\u00eb gjitha fushat. Eksperti yn\u00eb do t\u00eb merret me ndryshimin e sistemit zgjedhor. Erdh\u00ebn propozime nga opozita jasht\u00ebparlamentare dhe vijn\u00eb t\u00eb nj\u00eb natyre politike.<\/p>\n<p>T\u00eb kemi nj\u00eb lloj konsensusi, zbatimi i rekomandimeve t\u00eb OSBE\/ ODIHR t\u00eb jet\u00eb n\u00eb p\u00ebrputhje dhe t\u00eb jen\u00eb t\u00eb aplikueshme, afatgjata dhe jo vet\u00ebm p\u00ebr zgjedhjet e ardhshme. Nuk u ra dakort p\u00ebr asgj\u00eb sot, por pati nj\u00eb vullnet i mir\u00eb por k\u00ebrkohet jasht\u00ebzakonisht shum\u00eb pun\u00eb. Ka dhe lloje propozimesh t\u00eb ndryshme dhe t\u2019i kishim m\u00eb par\u00eb se k\u00ebtyre takimeve, pasi kur vijm\u00eb k\u00ebtu njihemi me ato dhe na duhet koh\u00eb q\u00eb t\u2019i lexojm\u00eb. Duhet t\u00eb punojm\u00eb n\u00eb m\u00ebnyr\u00eb shum\u00eb intensive p\u00ebr t\u00eb arritur afatet.\u201d- tha Rudina Hajdari.<\/p>\n","protected":false},"excerpt":{"rendered":"<p>Sot PD dha propozimet e saj lidhur me krimet zgjedhore, rolin e Policis\u00eb dhe t\u00eb SPAK-ut por Hajdari thot\u00eb se nj\u00eb pjes\u00eb e tyre jan\u00eb t\u00eb nj\u00eb natyre politike. Po ashtu Rudina Hajdari shton se k\u00ebto propozime duhet t\u00eb kishin ardhur m\u00eb par\u00eb dhe para takimeve t\u00eb zhvilluara p\u00ebr t\u2019u njohur m\u00eb par\u00eb me to [&hellip;]<\/p>\n","protected":false},"author":2013,"featured_media":121856,"comment_status":"open","ping_status":"closed","sticky":false,"template":"","format":"standard","meta":{"footnotes":""},"categories":[241,235],"tags":[],"class_list":{"0":"post-121855","1":"post","2":"type-post","3":"status-publish","4":"format-standard","5":"has-post-thumbnail","7":"category-aktualitet","8":"category-vendi"},"_links":{"self":[{"href":"https:\/\/zjarr.tv\/sq\/wp-json\/wp\/v2\/posts\/121855","targetHints":{"allow":["GET"]}}],"collection":[{"href":"https:\/\/zjarr.tv\/sq\/wp-json\/wp\/v2\/posts"}],"about":[{"href":"https:\/\/zjarr.tv\/sq\/wp-json\/wp\/v2\/types\/post"}],"author":[{"embeddable":true,"href":"https:\/\/zjarr.tv\/sq\/wp-json\/wp\/v2\/users\/2013"}],"replies":[{"embeddable":true,"href":"https:\/\/zjarr.tv\/sq\/wp-json\/wp\/v2\/comments?post=121855"}],"version-history":[{"count":0,"href":"https:\/\/zjarr.tv\/sq\/wp-json\/wp\/v2\/posts\/121855\/revisions"}],"wp:featuredmedia":[{"embeddable":true,"href":"https:\/\/zjarr.tv\/sq\/wp-json\/wp\/v2\/media\/121856"}],"wp:attachment":[{"href":"https:\/\/zjarr.tv\/sq\/wp-json\/wp\/v2\/media?parent=121855"}],"wp:term":[{"taxonomy":"category","embeddable":true,"href":"https:\/\/zjarr.tv\/sq\/wp-json\/wp\/v2\/categories?post=121855"},{"taxonomy":"post_tag","embeddable":true,"href":"https:\/\/zjarr.tv\/sq\/wp-json\/wp\/v2\/tags?post=121855"}],"curies":[{"name":"wp","href":"https:\/\/api.w.org\/{rel}","templated":true}]}}