{"id":121859,"date":"2020-02-12T14:38:28","date_gmt":"2020-02-12T13:38:28","guid":{"rendered":"https:\/\/zjarr.tv\/?p=121859"},"modified":"2020-02-12T14:38:28","modified_gmt":"2020-02-12T13:38:28","slug":"spiropali-pret-ambasadoren-yuri-kim-mbeshtetja-e-shba-per-drejtesine-e-re-solli-dhe-anti-kck","status":"publish","type":"post","link":"https:\/\/zjarr.tv\/sq\/spiropali-pret-ambasadoren-yuri-kim-mbeshtetja-e-shba-per-drejtesine-e-re-solli-dhe-anti-kck\/","title":{"rendered":"Spiropali pret ambasadoren Yuri Kim: Mb\u00ebshtetja e SHBA p\u00ebr Drejt\u00ebsin\u00eb e Re solli dhe Anti- K\u00c7K"},"content":{"rendered":"<p>Ministrja Elisa Spiropali priti n\u00eb nj\u00eb takim ambasadoren Yuri Kim duke th\u00ebn\u00eb se mb\u00ebshtetja e SHBA p\u00ebr institucionet e Drejt\u00ebsis\u00eb s\u00eb Re solli edhe efekte pozitive n\u00eb aplikimin e Anti- K\u00c7K. Po ashtu ajo thot\u00eb se me ambasadoren e SHBA diskutuan edhe p\u00ebr rrug\u00ebn e Shqip\u00ebris\u00eb drejt integrimit n\u00eb familjen europiane.<\/p>\n<p><strong>STATUSI I ELISA SPIROPALIT<\/strong><\/p>\n<p>Elisa Spiropali<\/p>\n<p>Me k\u00ebnaq\u00ebsi prita sot n\u00eb zyr\u00eb Ambasadoren e Shteteve t\u00eb Bashkuara t\u00eb Amerik\u00ebs, Yuri Kim.<\/p>\n<p>Raportet e shk\u00eblqyera midis dy vendeve tona, partneriteti solid si aleat\u00eb t\u00eb NATO-s, mb\u00ebshtetja e \u00e7mueshme q\u00eb SHBA ofroi e vijon t\u00eb ofroj\u00eb n\u00eb ngritjen superstrukturave t\u00eb #Drejt\u00ebsis\u00ebs\u00ebRe, t\u00eb cilat soll\u00ebn n\u00eb zinxhir efekte pozitive n\u00eb aplikimin e Ligjit Special \u2018Anti-K\u00c7K\u2019, si dhe rruga jon\u00eb p\u00ebrvijuese drejt integrimit n\u00eb familjen evropiane, ishin piketat q\u00eb vij\u00ebzuan takimin e k\u00ebndsh\u00ebm me Ambasadoren Kim.<\/p>\n<div class=\"galery-slider\">\n<ul class=\"slides\">\n<li class=\"flex-slider-item flex-active-slide\"><a href=\"https:\/\/www.balkanweb.com\/wp-content\/uploads\/2020\/02\/rturu.jpg\" rel=\"lightbox\"><img decoding=\"async\" draggable=\"false\" src=\"https:\/\/www.balkanweb.com\/wp-content\/uploads\/2020\/02\/rturu.jpg\" alt=\"foto galeri \" \/><\/a><\/li>\n<\/ul>\n<\/div>\n","protected":false},"excerpt":{"rendered":"<p>Ministrja Elisa Spiropali priti n\u00eb nj\u00eb takim ambasadoren Yuri Kim duke th\u00ebn\u00eb se mb\u00ebshtetja e SHBA p\u00ebr institucionet e Drejt\u00ebsis\u00eb s\u00eb Re solli edhe efekte pozitive n\u00eb aplikimin e Anti- K\u00c7K. Po ashtu ajo thot\u00eb se me ambasadoren e SHBA diskutuan edhe p\u00ebr rrug\u00ebn e Shqip\u00ebris\u00eb drejt integrimit n\u00eb familjen europiane. STATUSI I ELISA SPIROPALIT [&hellip;]<\/p>\n","protected":false},"author":2013,"featured_media":121860,"comment_status":"open","ping_status":"closed","sticky":false,"template":"","format":"standard","meta":{"footnotes":""},"categories":[241,235],"tags":[],"class_list":{"0":"post-121859","1":"post","2":"type-post","3":"status-publish","4":"format-standard","5":"has-post-thumbnail","7":"category-aktualitet","8":"category-vendi"},"_links":{"self":[{"href":"https:\/\/zjarr.tv\/sq\/wp-json\/wp\/v2\/posts\/121859","targetHints":{"allow":["GET"]}}],"collection":[{"href":"https:\/\/zjarr.tv\/sq\/wp-json\/wp\/v2\/posts"}],"about":[{"href":"https:\/\/zjarr.tv\/sq\/wp-json\/wp\/v2\/types\/post"}],"author":[{"embeddable":true,"href":"https:\/\/zjarr.tv\/sq\/wp-json\/wp\/v2\/users\/2013"}],"replies":[{"embeddable":true,"href":"https:\/\/zjarr.tv\/sq\/wp-json\/wp\/v2\/comments?post=121859"}],"version-history":[{"count":0,"href":"https:\/\/zjarr.tv\/sq\/wp-json\/wp\/v2\/posts\/121859\/revisions"}],"wp:featuredmedia":[{"embeddable":true,"href":"https:\/\/zjarr.tv\/sq\/wp-json\/wp\/v2\/media\/121860"}],"wp:attachment":[{"href":"https:\/\/zjarr.tv\/sq\/wp-json\/wp\/v2\/media?parent=121859"}],"wp:term":[{"taxonomy":"category","embeddable":true,"href":"https:\/\/zjarr.tv\/sq\/wp-json\/wp\/v2\/categories?post=121859"},{"taxonomy":"post_tag","embeddable":true,"href":"https:\/\/zjarr.tv\/sq\/wp-json\/wp\/v2\/tags?post=121859"}],"curies":[{"name":"wp","href":"https:\/\/api.w.org\/{rel}","templated":true}]}}