{"id":121865,"date":"2020-02-12T14:42:23","date_gmt":"2020-02-12T13:42:23","guid":{"rendered":"https:\/\/zjarr.tv\/?p=121865"},"modified":"2020-02-12T14:42:23","modified_gmt":"2020-02-12T13:42:23","slug":"paralajmerova-shqiperine-sa-e-rrezikshme-eshte-organizata-feto-cavusoglu-kemi-kerkuar-kthimin-e-gylenisteve-2","status":"publish","type":"post","link":"https:\/\/zjarr.tv\/sq\/paralajmerova-shqiperine-sa-e-rrezikshme-eshte-organizata-feto-cavusoglu-kemi-kerkuar-kthimin-e-gylenisteve-2\/","title":{"rendered":"\u201cParalajm\u00ebrova Shqip\u00ebrin\u00eb sa e rrezikshme \u00ebsht\u00eb organizata FETO\u201d, \u00c7avu\u015fo\u011flu: Kemi k\u00ebrkuar kthimin e gylenist\u00ebve"},"content":{"rendered":"<p>\u201cFETO nj\u00eb orgnizat\u00eb e kontrolluar nga sh\u00ebrbime sekrete t\u00eb disa vendeve, dhe p\u00ebrb\u00ebn k\u00ebrc\u00ebnim jo vet\u00ebm p\u00ebr Turqin\u00eb \u201c \u2013 k\u00ebshtu u shpreh ministri i jasht\u00ebm turk, Mevlut \u00c7avu\u015fo\u011flu gjat\u00eb vizit\u00ebs zyrtare n\u00eb Tiran\u00eb. N\u00eb nj\u00eb konferenc\u00eb t\u00eb p\u00ebrbashk\u00ebt me homologun shqiptar Gent Cakaj, \u00c7avu\u015fo\u011flu iu p\u00ebrgjigj interesit t\u00eb medias lidhur me numrin e gylenist\u00ebve q\u00eb ndodhen n\u00eb vendin ton\u00eb.<\/p>\n<p>\u201cNuk kam shifra t\u00eb sakta, por kemi k\u00ebrkuar kthimin e an\u00ebtar\u00ebve t\u00eb FETO-s. Shqip\u00ebria ka hedhur disa hapa, presim t\u00eb vijojm\u00eb m\u00eb tej. Nuk d\u00ebshirojm\u00eb q\u00eb Shqip\u00ebria t\u00eb jet\u00eb port\u00eb sigurie p\u00ebr FETO-n. Mendojm\u00eb se prania e FETO-s. \u00ebsht\u00eb nj\u00eb rr\u00ebzik e k\u00ebrc\u00ebnim p\u00ebr sigurin\u00eb e t\u00eb ardhmen e Shqip\u00ebris\u00eb. Duhet t\u00eb hedhim hapa p\u00ebr t\u00eb ardhmen ton\u00eb, ia shpjegova mir\u00eb k\u00ebt\u00eb z. Cakaj do ia shpjegoj edhe kryeministrit Rama\u201d -u shpreh \u00c7avu\u015fo\u011flu.<\/p>\n","protected":false},"excerpt":{"rendered":"<p>\u201cFETO nj\u00eb orgnizat\u00eb e kontrolluar nga sh\u00ebrbime sekrete t\u00eb disa vendeve, dhe p\u00ebrb\u00ebn k\u00ebrc\u00ebnim jo vet\u00ebm p\u00ebr Turqin\u00eb \u201c \u2013 k\u00ebshtu u shpreh ministri i jasht\u00ebm turk, Mevlut \u00c7avu\u015fo\u011flu gjat\u00eb vizit\u00ebs zyrtare n\u00eb Tiran\u00eb. N\u00eb nj\u00eb konferenc\u00eb t\u00eb p\u00ebrbashk\u00ebt me homologun shqiptar Gent Cakaj, \u00c7avu\u015fo\u011flu iu p\u00ebrgjigj interesit t\u00eb medias lidhur me numrin e gylenist\u00ebve [&hellip;]<\/p>\n","protected":false},"author":2013,"featured_media":121866,"comment_status":"open","ping_status":"closed","sticky":false,"template":"","format":"standard","meta":{"footnotes":""},"categories":[241,235],"tags":[],"class_list":{"0":"post-121865","1":"post","2":"type-post","3":"status-publish","4":"format-standard","5":"has-post-thumbnail","7":"category-aktualitet","8":"category-vendi"},"_links":{"self":[{"href":"https:\/\/zjarr.tv\/sq\/wp-json\/wp\/v2\/posts\/121865","targetHints":{"allow":["GET"]}}],"collection":[{"href":"https:\/\/zjarr.tv\/sq\/wp-json\/wp\/v2\/posts"}],"about":[{"href":"https:\/\/zjarr.tv\/sq\/wp-json\/wp\/v2\/types\/post"}],"author":[{"embeddable":true,"href":"https:\/\/zjarr.tv\/sq\/wp-json\/wp\/v2\/users\/2013"}],"replies":[{"embeddable":true,"href":"https:\/\/zjarr.tv\/sq\/wp-json\/wp\/v2\/comments?post=121865"}],"version-history":[{"count":0,"href":"https:\/\/zjarr.tv\/sq\/wp-json\/wp\/v2\/posts\/121865\/revisions"}],"wp:featuredmedia":[{"embeddable":true,"href":"https:\/\/zjarr.tv\/sq\/wp-json\/wp\/v2\/media\/121866"}],"wp:attachment":[{"href":"https:\/\/zjarr.tv\/sq\/wp-json\/wp\/v2\/media?parent=121865"}],"wp:term":[{"taxonomy":"category","embeddable":true,"href":"https:\/\/zjarr.tv\/sq\/wp-json\/wp\/v2\/categories?post=121865"},{"taxonomy":"post_tag","embeddable":true,"href":"https:\/\/zjarr.tv\/sq\/wp-json\/wp\/v2\/tags?post=121865"}],"curies":[{"name":"wp","href":"https:\/\/api.w.org\/{rel}","templated":true}]}}