{"id":121877,"date":"2020-02-12T15:42:01","date_gmt":"2020-02-12T14:42:01","guid":{"rendered":"https:\/\/zjarr.tv\/?p=121877"},"modified":"2020-02-12T15:42:01","modified_gmt":"2020-02-12T14:42:01","slug":"perplasja-me-arme-ne-shkoder-reagon-pd-policia-eshte-bere-njesh-me-bandat-urdherohet-nga-te-fortet-e-qytetit","status":"publish","type":"post","link":"https:\/\/zjarr.tv\/sq\/perplasja-me-arme-ne-shkoder-reagon-pd-policia-eshte-bere-njesh-me-bandat-urdherohet-nga-te-fortet-e-qytetit\/","title":{"rendered":"P\u00ebrplasja me arm\u00eb n\u00eb Shkod\u00ebr, reagon PD: Policia \u00ebsht\u00eb b\u00ebr\u00eb nj\u00ebsh me bandat, urdh\u00ebrohet nga t\u00eb fort\u00ebt e qytetit"},"content":{"rendered":"<p>Pas p\u00ebrplasjet me arm\u00eb q\u00eb ndodhi sot n\u00eb Shkod\u00ebr, ka reaguar ish-deputetja Izmira Ulqinaku. N\u00eb nj\u00eb deklarat\u00eb p\u00ebr mediat Ulqinaku akuzon policin\u00eb se \u00ebsht\u00eb b\u00ebr\u00eb nj\u00ebsh me bandat, nd\u00ebrsa thekson se ajo urdh\u00ebrohet nga t\u00eb fort\u00ebt e qytetit. Sipas saj bandat n\u00eb Shkod\u00ebr nuk njohin as ligj, duke b\u00ebr\u00eb p\u00ebrgjegj\u00ebs p\u00ebr situat\u00ebn kryeministrin, ministri Lleshaj dhe deputet\u00ebt e maxhoranc\u00ebs.<\/p>\n<p><strong>REAGIMI I ULQINAKUT<\/strong><br \/>\nDit\u00ebn p\u00ebr diell, p\u00ebrplasje me arm\u00eb n\u00eb qend\u00ebr t\u00eb Shkodr\u00ebs! Bandat nuk njohin ligj e as rend! Policia \u00ebsht\u00eb b\u00ebr\u00eb nj\u00ebsh me to, urdh\u00ebrohet nga t\u00eb fort\u00ebt e qytetit!<br \/>\nSa t\u00eb mbrojtur jan\u00eb qytetar\u00ebt kur policia b\u00ebn sehir! Po k\u00ebrc\u00ebnohet jeta e shkodran\u00ebve! Kurr\u00eb nuk jemi ndeshur me situata t\u00eb tilla, \u00e7do tre dit\u00eb t\u00eb p\u00ebrplasen me arm\u00eb kriminel\u00ebt n\u00eb mes t\u00eb qytetit. Kjo vjen si pasoj\u00eb e marrjes n\u00eb mbrojtje t\u00eb bandave nga qeveritar\u00ebt.<br \/>\nEdi Rama, Sand\u00ebr Lleshaj dhe Deputetet e Mazhoranc\u00ebs jan\u00eb p\u00ebrgjegjes p\u00ebr situat\u00ebn n\u00eb Shkodr\u00ebn ton\u00eb, sepse jan\u00eb ato q\u00eb po tolerojn\u00eb ngjarje t\u00eb tilla dhe po p\u00ebrkeq\u00ebsojn\u00eb situat\u00ebn n\u00ebp\u00ebrmjet indiferenc\u00ebs!<\/p>\n<p>Shkodran\u00ebt duan ndryshimin, duan zgjedhje t\u00eb parakohshme, sepse Edi Rama po e b\u00ebn qytetin t\u00eb pajetuesh\u00ebm!<\/p>\n","protected":false},"excerpt":{"rendered":"<p>Pas p\u00ebrplasjet me arm\u00eb q\u00eb ndodhi sot n\u00eb Shkod\u00ebr, ka reaguar ish-deputetja Izmira Ulqinaku. N\u00eb nj\u00eb deklarat\u00eb p\u00ebr mediat Ulqinaku akuzon policin\u00eb se \u00ebsht\u00eb b\u00ebr\u00eb nj\u00ebsh me bandat, nd\u00ebrsa thekson se ajo urdh\u00ebrohet nga t\u00eb fort\u00ebt e qytetit. Sipas saj bandat n\u00eb Shkod\u00ebr nuk njohin as ligj, duke b\u00ebr\u00eb p\u00ebrgjegj\u00ebs p\u00ebr situat\u00ebn kryeministrin, ministri Lleshaj [&hellip;]<\/p>\n","protected":false},"author":2013,"featured_media":83789,"comment_status":"open","ping_status":"closed","sticky":false,"template":"","format":"standard","meta":{"footnotes":""},"categories":[241,235],"tags":[],"class_list":{"0":"post-121877","1":"post","2":"type-post","3":"status-publish","4":"format-standard","5":"has-post-thumbnail","7":"category-aktualitet","8":"category-vendi"},"_links":{"self":[{"href":"https:\/\/zjarr.tv\/sq\/wp-json\/wp\/v2\/posts\/121877","targetHints":{"allow":["GET"]}}],"collection":[{"href":"https:\/\/zjarr.tv\/sq\/wp-json\/wp\/v2\/posts"}],"about":[{"href":"https:\/\/zjarr.tv\/sq\/wp-json\/wp\/v2\/types\/post"}],"author":[{"embeddable":true,"href":"https:\/\/zjarr.tv\/sq\/wp-json\/wp\/v2\/users\/2013"}],"replies":[{"embeddable":true,"href":"https:\/\/zjarr.tv\/sq\/wp-json\/wp\/v2\/comments?post=121877"}],"version-history":[{"count":0,"href":"https:\/\/zjarr.tv\/sq\/wp-json\/wp\/v2\/posts\/121877\/revisions"}],"wp:featuredmedia":[{"embeddable":true,"href":"https:\/\/zjarr.tv\/sq\/wp-json\/wp\/v2\/media\/83789"}],"wp:attachment":[{"href":"https:\/\/zjarr.tv\/sq\/wp-json\/wp\/v2\/media?parent=121877"}],"wp:term":[{"taxonomy":"category","embeddable":true,"href":"https:\/\/zjarr.tv\/sq\/wp-json\/wp\/v2\/categories?post=121877"},{"taxonomy":"post_tag","embeddable":true,"href":"https:\/\/zjarr.tv\/sq\/wp-json\/wp\/v2\/tags?post=121877"}],"curies":[{"name":"wp","href":"https:\/\/api.w.org\/{rel}","templated":true}]}}