{"id":121900,"date":"2020-02-12T16:15:43","date_gmt":"2020-02-12T15:15:43","guid":{"rendered":"https:\/\/zjarr.tv\/?p=121900"},"modified":"2020-02-12T16:15:43","modified_gmt":"2020-02-12T15:15:43","slug":"kurti-uli-pagat-e-qeverise-ramush-haradinaj-e-quan-mashtrim-ordiner-vendim-populist","status":"publish","type":"post","link":"https:\/\/zjarr.tv\/sq\/kurti-uli-pagat-e-qeverise-ramush-haradinaj-e-quan-mashtrim-ordiner-vendim-populist\/","title":{"rendered":"Kurti uli pagat e qeveris\u00eb, Ramush Haradinaj e quan mashtrim ordiner, vendim populist"},"content":{"rendered":"<p>Ish-kryeministri Ramush Haradinaj nuk mir\u00ebpriti vendimin e Qeveris\u00eb Kurti p\u00ebr uljen e pagave p\u00ebr kabinetin qeveritar.<\/p>\n<p>Haradinaj p\u00ebrmes nj\u00eb postimi n\u00eb Facebook e quajti vendim populist dhe t\u00eb panevojsh\u00ebm, mashtrimi ordiner me k\u00ebt\u00eb veprim t\u00eb sot\u00ebm, b\u00ebhet p\u00ebr tituj portalesh q\u00eb t\u00eb fitojn\u00eb ca poena t\u00eb shpejt\u00eb politik, n\u00eb kurriz t\u00eb parimit themelor kushtetues t\u00eb vendit.<\/p>\n<p><strong>Postimi i Ramush Haradinaj<\/strong><\/p>\n<p><em>&#8220;Narrativa mashtruese e sjell\u00eb nga rruga, po vazhdon tani n\u00eb institucione, duke u manifestuar p\u00ebrmes veprimeve populliste t\u00eb panevojshme, q\u00eb n\u00eb realitet nuk sjellin asnj\u00eb ndryshim efektiv.\u00a0<\/em><em>I till\u00eb \u00ebsht\u00eb edhe vendimi p\u00ebr pagat, i cili i subordinohet n\u00eb plotni Ligjit p\u00ebr Pagat e Sektorit Publik, tashm\u00eb t\u00eb votuar nga Parlamenti i Kosov\u00ebs, dhe i cili aktualisht gjendet p\u00ebr shqyrtim n\u00eb Gjykat\u00ebn Kushtetuese t\u00eb Republik\u00ebs s\u00eb Kosov\u00ebs.<\/em><\/p>\n<p><em>Ulja e pagave t\u00eb Kabinetit t\u00eb sot\u00ebm \u00ebsht\u00eb veprim politik t\u00ebr\u00ebsisht i pakuptimt\u00eb kur dihet tanim\u00eb q\u00eb brenda pak dit\u00ebve pritet aktgjykimi p\u00ebrfundimtar i Gjykat\u00ebs Kushtetuese rreth Ligjit q\u00eb rregullon jo vet\u00ebm pagat e k\u00ebtij kabineti, por edhe atyre t\u00eb ardhsh\u00ebm\u00ebve, dhe se pagat edhe p\u00ebr k\u00ebt\u00eb muaj do u dalin t\u00eb gjith\u00ebv\u00eb ashtu si\u00e7 ishin. Mashtrimi ordiner me k\u00ebt\u00eb veprim t\u00eb sot\u00ebm, b\u00ebhet p\u00ebr tituj portalesh q\u00eb t\u00eb fitojn\u00eb ca poena t\u00eb shpejt\u00eb politik, n\u00eb kurriz t\u00eb parimit themelor kushtetues t\u00eb vendit.<\/em><\/p>\n<p><em>K\u00ebshtu, brenda vet\u00ebm nj\u00eb jav\u00eb qeveris\u00ebse, u vendos nj\u00eb standard i ri i rreziksh\u00ebm dhe jodemokratik i mosrespektimit t\u00eb Gjykat\u00ebs Kushtetuese si autoritet p\u00ebrfundimtar i p\u00ebrcaktimit t\u00eb p\u00ebrputhshm\u00ebris\u00eb s\u00eb ligjeve me Kushtetut\u00ebn.<\/em><\/p>\n<p><em>Qeveria normale do pezullonte t\u00eb gjitha veprimet (p\u00ebrfshi edhe ato politike) rreth tem\u00ebs, dhe do priste me respekt deri n\u00eb vendimin p\u00ebrfundimtar t\u00eb Gjykat\u00ebs Kushtetuese.&#8221;\u00a0<\/em><\/p>\n","protected":false},"excerpt":{"rendered":"<p>Ish-kryeministri Ramush Haradinaj nuk mir\u00ebpriti vendimin e Qeveris\u00eb Kurti p\u00ebr uljen e pagave p\u00ebr kabinetin qeveritar. Haradinaj p\u00ebrmes nj\u00eb postimi n\u00eb Facebook e quajti vendim populist dhe t\u00eb panevojsh\u00ebm, mashtrimi ordiner me k\u00ebt\u00eb veprim t\u00eb sot\u00ebm, b\u00ebhet p\u00ebr tituj portalesh q\u00eb t\u00eb fitojn\u00eb ca poena t\u00eb shpejt\u00eb politik, n\u00eb kurriz t\u00eb parimit themelor kushtetues t\u00eb [&hellip;]<\/p>\n","protected":false},"author":2013,"featured_media":121901,"comment_status":"open","ping_status":"closed","sticky":false,"template":"","format":"standard","meta":{"footnotes":""},"categories":[241,2],"tags":[],"class_list":{"0":"post-121900","1":"post","2":"type-post","3":"status-publish","4":"format-standard","5":"has-post-thumbnail","7":"category-aktualitet","8":"category-rajoni"},"_links":{"self":[{"href":"https:\/\/zjarr.tv\/sq\/wp-json\/wp\/v2\/posts\/121900","targetHints":{"allow":["GET"]}}],"collection":[{"href":"https:\/\/zjarr.tv\/sq\/wp-json\/wp\/v2\/posts"}],"about":[{"href":"https:\/\/zjarr.tv\/sq\/wp-json\/wp\/v2\/types\/post"}],"author":[{"embeddable":true,"href":"https:\/\/zjarr.tv\/sq\/wp-json\/wp\/v2\/users\/2013"}],"replies":[{"embeddable":true,"href":"https:\/\/zjarr.tv\/sq\/wp-json\/wp\/v2\/comments?post=121900"}],"version-history":[{"count":0,"href":"https:\/\/zjarr.tv\/sq\/wp-json\/wp\/v2\/posts\/121900\/revisions"}],"wp:featuredmedia":[{"embeddable":true,"href":"https:\/\/zjarr.tv\/sq\/wp-json\/wp\/v2\/media\/121901"}],"wp:attachment":[{"href":"https:\/\/zjarr.tv\/sq\/wp-json\/wp\/v2\/media?parent=121900"}],"wp:term":[{"taxonomy":"category","embeddable":true,"href":"https:\/\/zjarr.tv\/sq\/wp-json\/wp\/v2\/categories?post=121900"},{"taxonomy":"post_tag","embeddable":true,"href":"https:\/\/zjarr.tv\/sq\/wp-json\/wp\/v2\/tags?post=121900"}],"curies":[{"name":"wp","href":"https:\/\/api.w.org\/{rel}","templated":true}]}}