{"id":122164,"date":"2020-02-15T16:20:52","date_gmt":"2020-02-15T15:20:52","guid":{"rendered":"https:\/\/zjarr.tv\/?p=122164"},"modified":"2020-02-15T16:20:52","modified_gmt":"2020-02-15T15:20:52","slug":"greva-ne-pocem-luan-baci-pd-mbeshtet-punetoret-qe-po-sakrifikohen","status":"publish","type":"post","link":"https:\/\/zjarr.tv\/sq\/greva-ne-pocem-luan-baci-pd-mbeshtet-punetoret-qe-po-sakrifikohen\/","title":{"rendered":"Greva n\u00eb Po\u00e7em, Luan Ba\u00e7i: PD mb\u00ebshtet pun\u00ebtor\u00ebt q\u00eb po sakrifikohen"},"content":{"rendered":"<p>Ish- deputeti dhe kryetari i PD n\u00eb Fier Luan Ba\u00e7i ka dal\u00eb n\u00eb mb\u00ebshtetje t\u00eb pun\u00ebtor\u00ebve q\u00eb prej tre dit\u00ebsh jan\u00eb n\u00eb grev\u00eb urie n\u00eb Po\u00e7em t\u00eb Ballshit.<br \/>\nBa\u00e7i shprehet se pusht\u00ebtar\u00ebt vijojn\u00eb t\u00eb festojn\u00eb Sh\u00ebn Valentinin n\u00eb nj\u00eb koh\u00eb kur pun\u00ebtor\u00ebt e Po\u00e7emit po vet\u00ebsakrifikohen sepse k\u00ebrkojn\u00eb buk\u00ebn e f\u00ebmij\u00ebve t\u00eb tyre.<\/p>\n<p>M\u00eb tej ai shton se pronar\u00ebt e v\u00ebrtet\u00eb t\u00eb Uzinave t\u00eb naft\u00ebs jan\u00eb po njer\u00ebzit n\u00eb pushtet dhe q\u00eb marrin parat\u00eb e pun\u00ebtor\u00ebve, si dhe i b\u00ebn apel mos u besojn\u00eb disa personave q\u00eb vihen n\u00eb krye t\u00eb protestave kur n\u00eb t\u00eb v\u00ebrtet\u00eb jan\u00eb shefa n\u00eb k\u00ebto uzina dhe bashk\u00ebpunojn\u00eb me pushtetar\u00ebt p\u00ebr t\u00eb manipuluar protest\u00ebn.<\/p>\n<p><strong>STATUSI I LUAN BA\u00c7IT<\/strong><br \/>\nNe diten e trete, te greves se urise, te punonjesve te pompave te ujit, te nen stacioni, ne Ballsh.<br \/>\nAsnje interesim nga pusht\u2026etaret, asnje shqetsim, per ta.<\/p>\n<p>Me shpirtekazmerine e tyre, me ligesine qe i karakterizon, njelloj si lideri i tyre psikopat edhe keta, po vazhdojne te festojne shen valentinin, edhe sot, jetojne si ne parajse<\/p>\n<p>Dje ne 14 shkurt, e festuan festen me administraten, ne oren 13 te mesdites, punonjesit e administrates se Kadastres, te Drejtoris, se Targave dhe Patentave, te Tatimeve\u2026etj\u2026u larguan nga zyrat drejte vendeve te relaksit\u2026.kolektivisht, nostalagjia e kolektivitetit.<br \/>\nSot si duket bejne formalitetet serioze\u2026<br \/>\nDo te vazhdojne dhe neser\u2026qe jave te filloj sa me e mbare.<\/p>\n<p>Banoret e Mallakastres, ne greve urie, kerkojne pagat, e prapambetura, kane femijet pa buke.<br \/>\nPo sakrifikohen, per te sensibilizuar, pusht \u2026etaret, po bejne thirrje, kryetareve te bashkive, Fier, Patos dhe Mallakaster, po bejne thirrje, Deputeteve te zones, por keta jane te zene, me punet e stines\u2026.ne keto dite pushimesh dhe relaksi\u2026<\/p>\n<p>Turp 100 here turp.<\/p>\n<p>Qytetare te Mallakastres, Fierit, Patosit, ju punonjes te nderuar te uzines, ju greviste, qe po vet sakrifikoheni, me te drejte, per buken e femijeve tuaj.<br \/>\nJemi me ju, ne mbeshtetje tuaj, te gatshem, te bashkohemi me ju per kauzen tuaj te drejte,<br \/>\nJu jeni vellezerit tane.<br \/>\nMos prisni tju kuptojne qeverritaret e sotem, ata jane, shkaku, qe ju nuk paguheni, ata, i marrin parat tuaja, ata jane pronaret e vertete te uzines, ata bejne gjith\u00e7ka, te keqe ndaj jush.<\/p>\n<p>Mos u besoni disa \u201cdrejtuesve \u201d te protestave tuaja, qe jane shefa ne uzine, ata bashkpunojne, me pusht\u2026etaret, ata paguhen nen dore, per te manipuluar, protesten tuaj te ndershme.<\/p>\n<p>Behuni bashke, marshoni paqesisht, kerkoni mbeshtetjen, e bashkeqytetareve, te cdo banori, te \u00e7do politikani, te \u00e7do lloj krahu qofte.<\/p>\n<p>Ketu beni dallimin :<\/p>\n<p>I therrisni te gjithe drejtuesit e qarkut, deputetet, te te gjitha forcave politike dhe shikoni ,kush do jete i gatshem, te vije bashke me ju dhe tju mbeshtese ne kauzen tuaj te drejte.<br \/>\nDhe do te shikoni, se menjeher do tju thone disa nga pseudo drejtuesit, qe keni aty :<\/p>\n<p>\u201cJo politike jo politike\u201d, kjo thenie mashtruse, prej manipulatoreve te paguar, ju mban te izoluar, pa perkrahje.<br \/>\nMos lejoni tju manipulojne, ju jeni ne te drejten tuaj.<br \/>\nNe jemi me ju, ne ju mbeshtesim.<\/p>\n","protected":false},"excerpt":{"rendered":"<p>Ish- deputeti dhe kryetari i PD n\u00eb Fier Luan Ba\u00e7i ka dal\u00eb n\u00eb mb\u00ebshtetje t\u00eb pun\u00ebtor\u00ebve q\u00eb prej tre dit\u00ebsh jan\u00eb n\u00eb grev\u00eb urie n\u00eb Po\u00e7em t\u00eb Ballshit. Ba\u00e7i shprehet se pusht\u00ebtar\u00ebt vijojn\u00eb t\u00eb festojn\u00eb Sh\u00ebn Valentinin n\u00eb nj\u00eb koh\u00eb kur pun\u00ebtor\u00ebt e Po\u00e7emit po vet\u00ebsakrifikohen sepse k\u00ebrkojn\u00eb buk\u00ebn e f\u00ebmij\u00ebve t\u00eb tyre. M\u00eb tej [&hellip;]<\/p>\n","protected":false},"author":2013,"featured_media":122165,"comment_status":"open","ping_status":"closed","sticky":false,"template":"","format":"standard","meta":{"footnotes":""},"categories":[241,235],"tags":[],"class_list":{"0":"post-122164","1":"post","2":"type-post","3":"status-publish","4":"format-standard","5":"has-post-thumbnail","7":"category-aktualitet","8":"category-vendi"},"_links":{"self":[{"href":"https:\/\/zjarr.tv\/sq\/wp-json\/wp\/v2\/posts\/122164","targetHints":{"allow":["GET"]}}],"collection":[{"href":"https:\/\/zjarr.tv\/sq\/wp-json\/wp\/v2\/posts"}],"about":[{"href":"https:\/\/zjarr.tv\/sq\/wp-json\/wp\/v2\/types\/post"}],"author":[{"embeddable":true,"href":"https:\/\/zjarr.tv\/sq\/wp-json\/wp\/v2\/users\/2013"}],"replies":[{"embeddable":true,"href":"https:\/\/zjarr.tv\/sq\/wp-json\/wp\/v2\/comments?post=122164"}],"version-history":[{"count":0,"href":"https:\/\/zjarr.tv\/sq\/wp-json\/wp\/v2\/posts\/122164\/revisions"}],"wp:featuredmedia":[{"embeddable":true,"href":"https:\/\/zjarr.tv\/sq\/wp-json\/wp\/v2\/media\/122165"}],"wp:attachment":[{"href":"https:\/\/zjarr.tv\/sq\/wp-json\/wp\/v2\/media?parent=122164"}],"wp:term":[{"taxonomy":"category","embeddable":true,"href":"https:\/\/zjarr.tv\/sq\/wp-json\/wp\/v2\/categories?post=122164"},{"taxonomy":"post_tag","embeddable":true,"href":"https:\/\/zjarr.tv\/sq\/wp-json\/wp\/v2\/tags?post=122164"}],"curies":[{"name":"wp","href":"https:\/\/api.w.org\/{rel}","templated":true}]}}