{"id":122188,"date":"2020-02-16T13:08:03","date_gmt":"2020-02-16T12:08:03","guid":{"rendered":"https:\/\/zjarr.tv\/?p=122188"},"modified":"2020-02-16T13:08:03","modified_gmt":"2020-02-16T12:08:03","slug":"neser-mbahet-konferenca-e-donatoreve-ahmetaj-presim-300-350-milione-euro","status":"publish","type":"post","link":"https:\/\/zjarr.tv\/sq\/neser-mbahet-konferenca-e-donatoreve-ahmetaj-presim-300-350-milione-euro\/","title":{"rendered":"Nes\u00ebr mbahet konferenca e donator\u00ebve, Ahmetaj: Presim 300-350 milion\u00eb euro"},"content":{"rendered":"<p>Ministri p\u00ebr Rind\u00ebrtimin, Arben Ahmetaj deklaroi se nga konferenca e donator\u00ebve q\u00eb do t\u00eb mbahet nes\u00ebr n\u00eb Bruksel, qeveria shqiptare pret q\u00eb t\u00eb mblidhen 300 deri 350 milion\u00eb euro. N\u00eb nj\u00eb intervist\u00eb p\u00ebr Tv Klan, ministri pohoi se do t\u00eb sillte v\u00ebshtir\u00ebsi p\u00ebr zbatimin e planit t\u00eb qeveris\u00eb n\u00ebse fondi do t\u00eb ishte m\u00eb pak se kjo shif\u00ebr.<\/p>\n<p>\u201cN\u00ebse ne angazhojm\u00eb nes\u00ebr di\u00e7ka midis 300 milion\u00eb deri n\u00eb 350 milion\u00eb euro, n\u00ebse nuk ka b\u00ebr\u00eb ndonj\u00eb magji kryeministri le t\u00eb themi me turin e vet, pra natyrsh\u00ebm do t\u00eb shkonte tek 300-350 milion\u00eb eurove, ku raporti midis granateve dhe kredive do t\u00eb ishte di\u00e7ka tek 70-80 milion\u00eb euro vijn\u00eb grante dhe pjesa tjet\u00ebr vijn\u00eb kredi t\u00eb buta q\u00eb jan\u00eb t\u00eb domosdoshme p\u00ebr rind\u00ebrtimin. N\u00ebse do t\u00eb ishte nj\u00eb shif\u00ebr posht\u00eb 300-350 milion\u00eb euro e kombinuar grant kredi at\u00ebher\u00eb do t\u00eb gjendeshim p\u00ebrball\u00eb nj\u00eb v\u00ebshtir\u00ebsie serioze financiare p\u00ebr t\u00eb p\u00ebrballuar n\u00eb koh\u00ebn q\u00eb ne duam gjith\u00eb pasojat e t\u00ebrmetit. Ndryshe skenari pastaj do t\u00eb ishte shum\u00eb afatgjat\u00eb\u201d, tha Ahmetaj. Nga axhenda e b\u00ebr\u00eb publike nga Komisioni Europian parashikohet q\u00eb konferenca t\u00eb nis\u00eb me n\u00ebnshkrimin e fondit prej 15 milion\u00eb Eurosh q\u00eb Komisioni ka vendosur n\u00eb dispozicion t\u00eb Shqip\u00ebris\u00eb p\u00ebr t\u00eb p\u00ebrballuar kostot e t\u00ebrmetit t\u00eb 26 N\u00ebntorit.<\/p>\n<p>Kujtojm\u00eb se dy dit\u00eb m\u00eb par\u00eb, ministri i Jasht\u00ebm Stef Blok konfirmoi se Holanda do t\u00eb dhuroj\u00eb 3 milion\u00eb euro p\u00ebr rind\u00ebrtimin. Nd\u00ebrkoh\u00eb, gjat\u00eb konferenc\u00ebs p\u00ebr Ballkanin Per\u00ebndimor n\u00eb Mynih, kryeministri Edi Rama u takua me homolog\u00ebt e tij t\u00eb Kanadas\u00eb dhe Kuvajtit si dhe ministrin e Jasht\u00ebm t\u00eb Arabis\u00eb Saudite, ku ata shpreh\u00ebn se do t\u2019i bashkoheshin konferenc\u00ebs s\u00eb donator\u00ebve p\u00ebr rind\u00ebrtimin.<\/p>\n","protected":false},"excerpt":{"rendered":"<p>Ministri p\u00ebr Rind\u00ebrtimin, Arben Ahmetaj deklaroi se nga konferenca e donator\u00ebve q\u00eb do t\u00eb mbahet nes\u00ebr n\u00eb Bruksel, qeveria shqiptare pret q\u00eb t\u00eb mblidhen 300 deri 350 milion\u00eb euro. N\u00eb nj\u00eb intervist\u00eb p\u00ebr Tv Klan, ministri pohoi se do t\u00eb sillte v\u00ebshtir\u00ebsi p\u00ebr zbatimin e planit t\u00eb qeveris\u00eb n\u00ebse fondi do t\u00eb ishte m\u00eb pak [&hellip;]<\/p>\n","protected":false},"author":2013,"featured_media":113515,"comment_status":"open","ping_status":"closed","sticky":false,"template":"","format":"standard","meta":{"footnotes":""},"categories":[241,235],"tags":[],"class_list":{"0":"post-122188","1":"post","2":"type-post","3":"status-publish","4":"format-standard","5":"has-post-thumbnail","7":"category-aktualitet","8":"category-vendi"},"_links":{"self":[{"href":"https:\/\/zjarr.tv\/sq\/wp-json\/wp\/v2\/posts\/122188","targetHints":{"allow":["GET"]}}],"collection":[{"href":"https:\/\/zjarr.tv\/sq\/wp-json\/wp\/v2\/posts"}],"about":[{"href":"https:\/\/zjarr.tv\/sq\/wp-json\/wp\/v2\/types\/post"}],"author":[{"embeddable":true,"href":"https:\/\/zjarr.tv\/sq\/wp-json\/wp\/v2\/users\/2013"}],"replies":[{"embeddable":true,"href":"https:\/\/zjarr.tv\/sq\/wp-json\/wp\/v2\/comments?post=122188"}],"version-history":[{"count":0,"href":"https:\/\/zjarr.tv\/sq\/wp-json\/wp\/v2\/posts\/122188\/revisions"}],"wp:featuredmedia":[{"embeddable":true,"href":"https:\/\/zjarr.tv\/sq\/wp-json\/wp\/v2\/media\/113515"}],"wp:attachment":[{"href":"https:\/\/zjarr.tv\/sq\/wp-json\/wp\/v2\/media?parent=122188"}],"wp:term":[{"taxonomy":"category","embeddable":true,"href":"https:\/\/zjarr.tv\/sq\/wp-json\/wp\/v2\/categories?post=122188"},{"taxonomy":"post_tag","embeddable":true,"href":"https:\/\/zjarr.tv\/sq\/wp-json\/wp\/v2\/tags?post=122188"}],"curies":[{"name":"wp","href":"https:\/\/api.w.org\/{rel}","templated":true}]}}