{"id":122196,"date":"2020-02-16T13:57:09","date_gmt":"2020-02-16T12:57:09","guid":{"rendered":"https:\/\/zjarr.tv\/?p=122196"},"modified":"2020-02-16T13:57:09","modified_gmt":"2020-02-16T12:57:09","slug":"njohja-e-patentave-ne-gjermani-rama-provimin-e-kaluam-me-sukses-tanime-pak-durim","status":"publish","type":"post","link":"https:\/\/zjarr.tv\/sq\/njohja-e-patentave-ne-gjermani-rama-provimin-e-kaluam-me-sukses-tanime-pak-durim\/","title":{"rendered":"Njohja e patentave n\u00eb Gjermani, Rama: Provimin e kaluam me sukses, tanim\u00eb pak durim"},"content":{"rendered":"<p>Kryeministri Edi Rama ka deklaruar se Shqip\u00ebria e ka kaluar provimin e par\u00eb p\u00ebrsa i p\u00ebrket njohjes s\u00eb patentave n\u00eb Gjermani. N\u00ebp\u00ebrmjet nj\u00eb statusi n\u00eb Facebook, kreu i qeveris\u00eb thot\u00eb se aprovimi i njohjes s\u00eb patentave shqiptare t\u00eb drejtimit, kalon p\u00ebrmes t\u00eb 16 parlamenteve t\u00eb landeve t\u00eb Republik\u00ebs Federale t\u00eb Gjermanis\u00eb dhe kjo do t\u00eb k\u00ebrkoj\u00eb pak koh\u00eb, ndaj duhet b\u00ebr\u00eb durim.<\/p>\n<p><strong>Edi Rama:\u00a0<\/strong><em>&#8221;Nj\u00eb lajm i mir\u00eb p\u00ebr miqt\u00eb e k\u00ebsaj faqeje q\u00eb presin njohjen e patentave t\u00eb drejtimit t\u00eb makinave t\u00eb tyre n\u00eb Gjermani. N\u00eb Konferenc\u00ebn e Siguris\u00eb n\u00eb Mynih, bisedova edhe me Ministrin Federal t\u00eb Transporteve, i cili m\u00eb tha, citoj, \u201cMisioni yn\u00eb teknik n\u00eb Tiran\u00eb \u00ebsht\u00eb befasuar nga transformimet q\u00eb keni kryer n\u00eb Drejtorin\u00eb e Transportit Rrugor, p\u00ebrmes digjitalizimit t\u00eb sh\u00ebrbimeve! Zgjidhjet e reja digjitale q\u00eb keni realizuar jan\u00eb origjinale dhe bind\u00ebse p\u00ebr t\u2019i p\u00ebrcjell\u00eb Qeveris\u00eb Federale nj\u00eb opinion pozitiv.&#8221;<\/em><\/p>\n<p><em>&#8221;Aprovimi i shum\u00ebpritur i njohjes s\u00eb patentave shqiptare t\u00eb drejtimit, kalon p\u00ebrmes t\u00eb 16 parlamenteve t\u00eb landeve t\u00eb Republik\u00ebs Federale t\u00eb Gjermanis\u00eb dhe kjo do t\u00eb k\u00ebrkoj\u00eb pak koh\u00eb, por nd\u00ebrkoh\u00eb \u00e7do aprovim b\u00ebn q\u00eb n\u00eb landin p\u00ebrkat\u00ebs njohja t\u00eb hyj\u00eb n\u00eb fuqi menj\u00ebher\u00eb. Pak durim tanim\u00eb, se provimin e kemi kaluar me sukses dhe ky \u00ebsht\u00eb nj\u00eb fakt q\u00eb na inkurajon shum\u00eb p\u00ebr vazhdimin e Revolucionit Digjital. Nj\u00eb bravo t\u00eb madhe ekipit drejtues t\u00eb DPSHTRR q\u00eb po e transformon \u00e7do dit\u00eb at\u00eb struktur\u00eb nga nj\u00eb vat\u00ebr korrupsioni legjendar, n\u00eb nj\u00eb mekaniz\u00ebm modern shtet\u00ebror n\u00eb sh\u00ebrbim t\u00eb qytetar\u00ebve.&#8221;<\/em><\/p>\n","protected":false},"excerpt":{"rendered":"<p>Kryeministri Edi Rama ka deklaruar se Shqip\u00ebria e ka kaluar provimin e par\u00eb p\u00ebrsa i p\u00ebrket njohjes s\u00eb patentave n\u00eb Gjermani. N\u00ebp\u00ebrmjet nj\u00eb statusi n\u00eb Facebook, kreu i qeveris\u00eb thot\u00eb se aprovimi i njohjes s\u00eb patentave shqiptare t\u00eb drejtimit, kalon p\u00ebrmes t\u00eb 16 parlamenteve t\u00eb landeve t\u00eb Republik\u00ebs Federale t\u00eb Gjermanis\u00eb dhe kjo do t\u00eb [&hellip;]<\/p>\n","protected":false},"author":2013,"featured_media":0,"comment_status":"open","ping_status":"closed","sticky":false,"template":"","format":"standard","meta":{"footnotes":""},"categories":[241,235],"tags":[],"class_list":{"0":"post-122196","1":"post","2":"type-post","3":"status-publish","4":"format-standard","6":"category-aktualitet","7":"category-vendi"},"_links":{"self":[{"href":"https:\/\/zjarr.tv\/sq\/wp-json\/wp\/v2\/posts\/122196","targetHints":{"allow":["GET"]}}],"collection":[{"href":"https:\/\/zjarr.tv\/sq\/wp-json\/wp\/v2\/posts"}],"about":[{"href":"https:\/\/zjarr.tv\/sq\/wp-json\/wp\/v2\/types\/post"}],"author":[{"embeddable":true,"href":"https:\/\/zjarr.tv\/sq\/wp-json\/wp\/v2\/users\/2013"}],"replies":[{"embeddable":true,"href":"https:\/\/zjarr.tv\/sq\/wp-json\/wp\/v2\/comments?post=122196"}],"version-history":[{"count":0,"href":"https:\/\/zjarr.tv\/sq\/wp-json\/wp\/v2\/posts\/122196\/revisions"}],"wp:attachment":[{"href":"https:\/\/zjarr.tv\/sq\/wp-json\/wp\/v2\/media?parent=122196"}],"wp:term":[{"taxonomy":"category","embeddable":true,"href":"https:\/\/zjarr.tv\/sq\/wp-json\/wp\/v2\/categories?post=122196"},{"taxonomy":"post_tag","embeddable":true,"href":"https:\/\/zjarr.tv\/sq\/wp-json\/wp\/v2\/tags?post=122196"}],"curies":[{"name":"wp","href":"https:\/\/api.w.org\/{rel}","templated":true}]}}