{"id":122200,"date":"2020-02-16T15:22:16","date_gmt":"2020-02-16T14:22:16","guid":{"rendered":"https:\/\/zjarr.tv\/?p=122200"},"modified":"2020-02-16T15:22:16","modified_gmt":"2020-02-16T14:22:16","slug":"organizatat-e-shoqerise-civile-ngrene-shqetesimin-per-paketen-anti-kck-cenim-i-kushtetutes","status":"publish","type":"post","link":"https:\/\/zjarr.tv\/sq\/organizatat-e-shoqerise-civile-ngrene-shqetesimin-per-paketen-anti-kck-cenim-i-kushtetutes\/","title":{"rendered":"Organizatat e shoq\u00ebris\u00eb civile ngren\u00eb shqet\u00ebsimin p\u00ebr paket\u00ebn anti-K\u00c7K: Cenim i Kushtetut\u00ebs"},"content":{"rendered":"<p>Dy jav\u00eb pas miratimit t\u00eb paket\u00ebs Anti-K\u00c7K, dhe propozimit p\u00ebr ndryshimet n\u00eb ligjin e policis\u00eb s\u00eb shtetit, 22 organizata t\u00eb shoq\u00ebris\u00eb civile dhe t\u00eb t\u00eb drejtave t\u00eb njeriut ngren\u00eb shqet\u00ebsimin p\u00ebr dob\u00ebsim t\u00eb pavar\u00ebsis\u00eb s\u00eb gjyq\u00ebsorit dhe privat\u00ebsis\u00eb s\u00eb qytetar\u00ebve.<\/p>\n<p>Komiteti shqiptar i Helsinkit n\u00ebp\u00ebrmjet nj\u00eb deklarate publike ngre shqet\u00ebsimin se akti normativ dhe projektligji i propozuar jan\u00eb hartuar pa transparenc\u00eb dhe pa konsultim publik me p\u00ebrfaq\u00ebsuesit e organizatave vendase t\u00eb shoq\u00ebris\u00eb civile.<\/p>\n<p>Organizatat ngren\u00eb dyshime serioze p\u00ebr cenimin e parimeve kushtetuese si parimin e ndarjes dhe balancimit t\u00eb pushteteve, parimin e pavar\u00ebsis\u00eb s\u00eb gjyq\u00ebsorit, si dhe t\u00eb drejtat dhe lirit\u00eb themelore t\u00eb njeriut.<\/p>\n<p>Sipas deklarat\u00ebs ngritja e komitetit Komb\u00ebtar p\u00ebr parandalimin dhe luft\u00ebn ndaj krimit t\u00eb organizuar p\u00ebrb\u00ebn shkelje t\u00eb pavar\u00ebsis\u00eb s\u00eb prokuroris\u00eb. Kjo shkelje argumentohet n\u00eb faktin se drejtuesi i SPAK ka t\u00eb drejt\u00eb t\u00eb hetoj\u00eb zyrtar\u00eb t\u00eb lart\u00eb p\u00ebr vepra penale dhe nuk mund t\u00eb jet\u00eb pjes\u00eb e komitetit komb\u00ebtar q\u00eb udh\u00ebhiqet nga ministri i brendsh\u00ebm.<\/p>\n<p>Nj\u00eb tjet\u00ebr shqet\u00ebsimi i organizatave \u00ebsht\u00eb edhe p\u00ebrgjimi i qytetar\u00ebve nga policia e shtetit pa miratimin e prokuroris\u00eb, pasi heqja e k\u00ebtij autorizimi t\u00eb organit t\u00eb akuz\u00ebs me disa nene t\u00eb Kodit t\u00eb Procedur\u00ebs Penale.<\/p>\n<p>P\u00ebr k\u00ebt\u00eb shkelje organizatat sjellin n\u00eb v\u00ebmendje dhe rastin e Hungaris\u00eb t\u00eb vitit 2016 ku p\u00ebrgjimet e kryer nga task-forca anti-terror jan\u00eb konsideruar t\u00eb paligjshme dhe n\u00eb shkelje t\u00eb t\u00eb drejtave t\u00eb qytetar\u00ebve.<\/p>\n<p>Sipas tyre n\u00eb rastin e Shqip\u00ebris\u00eb, dispozitat e parashikuara p\u00ebrb\u00ebjn\u00eb akoma m\u00eb shum\u00eb shkelje flagrante t\u00eb Konvent\u00ebs Evropiane, pasi n\u00eb ndryshim nga Hungaria, vendosja e masave t\u00eb ve\u00e7anta nga policia e shtetit por pa autorizim t\u00eb prokuroris\u00eb, nuk \u00ebsht\u00eb kufizuar vet\u00ebm n\u00eb kuad\u00ebr t\u00eb luft\u00ebs kund\u00ebr terrorizmit por \u00ebsht\u00eb p\u00ebr \u00e7do vep\u00ebr penale.<\/p>\n<p>Nd\u00ebrkoh\u00eb dy jav\u00eb nga nisja e operacionit Forca e Ligjit jan\u00eb d\u00ebrguar 19 formular\u00eb, ku individ\u00eb q\u00eb jan\u00eb d\u00ebnuar p\u00ebr vepra t\u00eb r\u00ebnda penale duhet t\u00eb justifikojn\u00eb pasurin\u00eb. Formular\u00ebt jan\u00eb d\u00ebrguar n\u00eb disa qytete, nd\u00ebrkoh\u00eb mungojn\u00eb ende qytete si Vlora, Kor\u00e7a, Lezha, Rr\u00ebsheni, dhe shum\u00eb t\u00eb tjer\u00eb.<\/p>\n<p>SPAK \u00ebsht\u00eb njohur me formular\u00ebt e plot\u00ebsuar nga subjektet, nd\u00ebrsa p\u00ebr 5 prej tyre \u00ebsht\u00eb k\u00ebrkuar informacion shtes\u00eb pasi formulari nuk \u00ebsht\u00eb i mjaftuesh\u00ebm p\u00ebr t\u00eb justifikuar pasurin\u00eb.<\/p>\n","protected":false},"excerpt":{"rendered":"<p>Dy jav\u00eb pas miratimit t\u00eb paket\u00ebs Anti-K\u00c7K, dhe propozimit p\u00ebr ndryshimet n\u00eb ligjin e policis\u00eb s\u00eb shtetit, 22 organizata t\u00eb shoq\u00ebris\u00eb civile dhe t\u00eb t\u00eb drejtave t\u00eb njeriut ngren\u00eb shqet\u00ebsimin p\u00ebr dob\u00ebsim t\u00eb pavar\u00ebsis\u00eb s\u00eb gjyq\u00ebsorit dhe privat\u00ebsis\u00eb s\u00eb qytetar\u00ebve. Komiteti shqiptar i Helsinkit n\u00ebp\u00ebrmjet nj\u00eb deklarate publike ngre shqet\u00ebsimin se akti normativ dhe projektligji [&hellip;]<\/p>\n","protected":false},"author":2013,"featured_media":122201,"comment_status":"open","ping_status":"closed","sticky":false,"template":"","format":"standard","meta":{"footnotes":""},"categories":[241,235],"tags":[],"class_list":{"0":"post-122200","1":"post","2":"type-post","3":"status-publish","4":"format-standard","5":"has-post-thumbnail","7":"category-aktualitet","8":"category-vendi"},"_links":{"self":[{"href":"https:\/\/zjarr.tv\/sq\/wp-json\/wp\/v2\/posts\/122200","targetHints":{"allow":["GET"]}}],"collection":[{"href":"https:\/\/zjarr.tv\/sq\/wp-json\/wp\/v2\/posts"}],"about":[{"href":"https:\/\/zjarr.tv\/sq\/wp-json\/wp\/v2\/types\/post"}],"author":[{"embeddable":true,"href":"https:\/\/zjarr.tv\/sq\/wp-json\/wp\/v2\/users\/2013"}],"replies":[{"embeddable":true,"href":"https:\/\/zjarr.tv\/sq\/wp-json\/wp\/v2\/comments?post=122200"}],"version-history":[{"count":0,"href":"https:\/\/zjarr.tv\/sq\/wp-json\/wp\/v2\/posts\/122200\/revisions"}],"wp:featuredmedia":[{"embeddable":true,"href":"https:\/\/zjarr.tv\/sq\/wp-json\/wp\/v2\/media\/122201"}],"wp:attachment":[{"href":"https:\/\/zjarr.tv\/sq\/wp-json\/wp\/v2\/media?parent=122200"}],"wp:term":[{"taxonomy":"category","embeddable":true,"href":"https:\/\/zjarr.tv\/sq\/wp-json\/wp\/v2\/categories?post=122200"},{"taxonomy":"post_tag","embeddable":true,"href":"https:\/\/zjarr.tv\/sq\/wp-json\/wp\/v2\/tags?post=122200"}],"curies":[{"name":"wp","href":"https:\/\/api.w.org\/{rel}","templated":true}]}}