{"id":122206,"date":"2020-02-16T15:48:05","date_gmt":"2020-02-16T14:48:05","guid":{"rendered":"https:\/\/zjarr.tv\/?p=122206"},"modified":"2020-02-16T15:48:05","modified_gmt":"2020-02-16T14:48:05","slug":"avokati-i-donald-trump-soros-perdor-ambasadat-e-shba-se-ne-europen-lindore-per-te-sulmuar-armiqte-e-tij","status":"publish","type":"post","link":"https:\/\/zjarr.tv\/sq\/avokati-i-donald-trump-soros-perdor-ambasadat-e-shba-se-ne-europen-lindore-per-te-sulmuar-armiqte-e-tij\/","title":{"rendered":"Avokati i Donald Trump: Soros p\u00ebrdor ambasadat e SHBA-s\u00eb n\u00eb Europ\u00ebn Lindore p\u00ebr t\u00eb sulmuar armiqt\u00eb e tij"},"content":{"rendered":"<p>Avokati i Presidentit t\u00eb SHBA, Rudy Giuliani ka b\u00ebr\u00eb nj\u00eb deklarat\u00eb t\u00eb fort\u00eb duke th\u00ebn\u00eb se investitori dhe filantropi Soros po p\u00ebrdor ambasadat amerikane n\u00eb Europ\u00ebn Lindore p\u00ebr t\u00eb mbrojtur veten e tij dhe p\u00ebr t\u00eb sulmuar armiqt\u00eb. M\u00eb tej ai shton se Soros ka themeluar shoq\u00ebrin\u00eb e tij DA p\u00ebr t\u00eb liruar kriminel\u00eb. Giuliani shrpehet se Soros \u00ebsht\u00eb armiku num\u00ebr nj\u00eb i Partis\u00eb Republikane n\u00eb SHBA me n\u00eb krye Trump. N\u00eb Europ\u00ebn Lindore p\u00ebrfshihet edhe Shqip\u00ebria, dhe n\u00eb Shqip\u00ebri opozita bashk\u00eb me Presidentin Ilir Meta ka hedhur akuza t\u00eb forta p\u00ebr lidhjen e Soros me kryeministrin Edi Rama.<\/p>\n<p>N\u00eb Shqip\u00ebri Fondacioni Shoq\u00ebria e hapur e George Soros e zhvillon aktivitetin q\u00eb prej vitit 1994.<\/p>\n<p><strong>STATUSI I RUDY GIULIANI<\/strong><\/p>\n<p>Soros \u00ebsht\u00eb armiku num\u00ebr nj\u00eb i Partis\u00eb Republikane. Ai \u00ebsht\u00eb si nj\u00eb anarkist. Ai financoi DA q\u00eb po i l\u00ebn\u00eb kriminel\u00ebt t\u00eb lirohen. Dhe n\u00eb Evrop\u00ebn Lindore ai p\u00ebrdor ambasadat tona p\u00ebr t\u00eb mbrojtur organizat\u00ebn e tij dhe p\u00ebr t\u00eb sulmuar armiqt\u00eb e tij.<\/p>\n<div class=\"galery-slider\">\n<ul class=\"slides\">\n<li class=\"flex-slider-item flex-active-slide\"><a href=\"https:\/\/www.balkanweb.com\/wp-content\/uploads\/2020\/02\/gfjfgjfgj.jpg\" rel=\"lightbox\"><img decoding=\"async\" draggable=\"false\" src=\"https:\/\/www.balkanweb.com\/wp-content\/uploads\/2020\/02\/gfjfgjfgj.jpg\" alt=\"foto galeri \" \/><\/a><\/li>\n<\/ul>\n<\/div>\n","protected":false},"excerpt":{"rendered":"<p>Avokati i Presidentit t\u00eb SHBA, Rudy Giuliani ka b\u00ebr\u00eb nj\u00eb deklarat\u00eb t\u00eb fort\u00eb duke th\u00ebn\u00eb se investitori dhe filantropi Soros po p\u00ebrdor ambasadat amerikane n\u00eb Europ\u00ebn Lindore p\u00ebr t\u00eb mbrojtur veten e tij dhe p\u00ebr t\u00eb sulmuar armiqt\u00eb. M\u00eb tej ai shton se Soros ka themeluar shoq\u00ebrin\u00eb e tij DA p\u00ebr t\u00eb liruar kriminel\u00eb. Giuliani [&hellip;]<\/p>\n","protected":false},"author":2013,"featured_media":122207,"comment_status":"open","ping_status":"closed","sticky":false,"template":"","format":"standard","meta":{"footnotes":""},"categories":[241,235],"tags":[],"class_list":{"0":"post-122206","1":"post","2":"type-post","3":"status-publish","4":"format-standard","5":"has-post-thumbnail","7":"category-aktualitet","8":"category-vendi"},"_links":{"self":[{"href":"https:\/\/zjarr.tv\/sq\/wp-json\/wp\/v2\/posts\/122206","targetHints":{"allow":["GET"]}}],"collection":[{"href":"https:\/\/zjarr.tv\/sq\/wp-json\/wp\/v2\/posts"}],"about":[{"href":"https:\/\/zjarr.tv\/sq\/wp-json\/wp\/v2\/types\/post"}],"author":[{"embeddable":true,"href":"https:\/\/zjarr.tv\/sq\/wp-json\/wp\/v2\/users\/2013"}],"replies":[{"embeddable":true,"href":"https:\/\/zjarr.tv\/sq\/wp-json\/wp\/v2\/comments?post=122206"}],"version-history":[{"count":0,"href":"https:\/\/zjarr.tv\/sq\/wp-json\/wp\/v2\/posts\/122206\/revisions"}],"wp:featuredmedia":[{"embeddable":true,"href":"https:\/\/zjarr.tv\/sq\/wp-json\/wp\/v2\/media\/122207"}],"wp:attachment":[{"href":"https:\/\/zjarr.tv\/sq\/wp-json\/wp\/v2\/media?parent=122206"}],"wp:term":[{"taxonomy":"category","embeddable":true,"href":"https:\/\/zjarr.tv\/sq\/wp-json\/wp\/v2\/categories?post=122206"},{"taxonomy":"post_tag","embeddable":true,"href":"https:\/\/zjarr.tv\/sq\/wp-json\/wp\/v2\/tags?post=122206"}],"curies":[{"name":"wp","href":"https:\/\/api.w.org\/{rel}","templated":true}]}}