{"id":122213,"date":"2020-02-17T10:57:30","date_gmt":"2020-02-17T09:57:30","guid":{"rendered":"https:\/\/zjarr.tv\/?p=122213"},"modified":"2020-02-17T10:57:30","modified_gmt":"2020-02-17T09:57:30","slug":"debate-per-duhanin-beqaj-duhet-paketim-i-thjeshte-hajdari-te-rritet-cmimi-i-paketave","status":"publish","type":"post","link":"https:\/\/zjarr.tv\/sq\/debate-per-duhanin-beqaj-duhet-paketim-i-thjeshte-hajdari-te-rritet-cmimi-i-paketave\/","title":{"rendered":"Debate p\u00ebr duhanin, Beqaj: Duhet paketim i thjesht\u00eb, Hajdari: T\u00eb rritet \u00e7mimi i paketave"},"content":{"rendered":"<p>Kuvendi ka debatuar sot p\u00ebr ndryshime n\u00eb ligjin \u201cP\u00ebr mbrojtjen e sh\u00ebndetit nga produktet e duhanit\u201d. Deputeti Ilir Beqaj propozon paketim t\u00eb thjesht\u00eb dhe vendosje t\u00eb figurave me pjes\u00eb t\u00eb trupit t\u00eb d\u00ebmtuara nga duhani.<\/p>\n<p><strong>Ilir Beqaj:<\/strong>\u00a0<em>Propozimi ka dy elemente q\u00eb lidhen vet\u00ebm me paketimin. Vendosjen e figur\u00ebs me pjes\u00eb t\u00eb trupit t\u00eb d\u00ebmtuara nga duhan pirja si dhe kalimin n\u00eb at\u00eb q\u00eb quhet paketimi i thjesht\u00eb. \u00c7far\u00eb \u00ebsht\u00eb paketimi i thjesht\u00eb. Kam marr\u00eb dy modele, q\u00eb nuk jan\u00eb shqiptare. N\u00eb paketimin e thjesht nuk dallohet marka e paket\u00ebs s\u00eb cigareve.\u00a0<\/em><\/p>\n<p>Kund\u00ebr ishte deputetja Rudina Hajdari, e cila tha se ky propozim i mazhoranc\u00ebs nuk do t\u00eb sjell\u00eb asnj\u00eb efekt p\u00ebr t\u00eb ulur konsumin e duhanit. Sipas saj, duke qen\u00eb se ky \u00ebsht\u00eb nj\u00eb nga bizneset m\u00eb fitimprur\u00ebse, k\u00ebrkon q\u00eb t\u00eb rritet \u00e7mimi i paketave p\u00ebr t\u00eb ulur konsumin.<\/p>\n<p><strong>Rudina Hajdari:<\/strong>\u00a0<em>\u00cbsht\u00eb biznesi m\u00eb fitim prur\u00ebs n\u00eb Shqip\u00ebri. Ju duhet t\u00eb dini q\u00eb n\u00eb Shqip\u00ebri sot ka mbi 40% t\u00eb njer\u00ebzve q\u00eb konsumojn\u00eb duhan n\u00eb Shqip\u00ebri. \u00cbsht\u00eb nj\u00eb nga bizneset q\u00eb p\u00ebrfiton m\u00eb shum\u00eb \u00a0n\u00eb tregun shqiptar dhe n\u00ebse ne duam, q\u00eb ky biznes t\u00eb ket\u00eb ulje n\u00eb fitim prurje ne duhet t\u00eb ngrem\u00eb \u00e7mimin e paket\u00ebs. Ne duhet t\u00eb b\u00ebjm\u00eb fushata nd\u00ebrgjegj\u00ebsuese p\u00ebr t\u00eb ulur konsumimin e duhanit dhe mos t\u00eb vijm\u00eb k\u00ebtu t\u00eb vijm\u00eb k\u00ebtu t\u00eb p\u00ebrdorim disa taktika q\u00eb nuk funksionojn\u00eb. Duhet t\u00eb nisemi me d\u00ebshir\u00ebn e mir\u00eb p\u00ebr t\u00eb ulur konsumin e duhanit. Mos b\u00ebjm\u00eb ligj q\u00eb jan\u00eb provuar n\u00eb disa vende q\u00eb nuk e sjellin reduktimin e k\u00ebtij produkti. Prandaj un\u00eb mendoj q\u00eb ky propozim nuk do te ket\u00eb ndikim n\u00eb konsumator\u00ebt e duhanit. Do inkurajoja deputet\u00ebt q\u00eb mos e votojn\u00eb k\u00ebt\u00eb pr\/ligj.\u00a0<\/em><\/p>\n","protected":false},"excerpt":{"rendered":"<p>Kuvendi ka debatuar sot p\u00ebr ndryshime n\u00eb ligjin \u201cP\u00ebr mbrojtjen e sh\u00ebndetit nga produktet e duhanit\u201d. Deputeti Ilir Beqaj propozon paketim t\u00eb thjesht\u00eb dhe vendosje t\u00eb figurave me pjes\u00eb t\u00eb trupit t\u00eb d\u00ebmtuara nga duhani. Ilir Beqaj:\u00a0Propozimi ka dy elemente q\u00eb lidhen vet\u00ebm me paketimin. Vendosjen e figur\u00ebs me pjes\u00eb t\u00eb trupit t\u00eb d\u00ebmtuara nga [&hellip;]<\/p>\n","protected":false},"author":2013,"featured_media":122215,"comment_status":"open","ping_status":"closed","sticky":false,"template":"","format":"standard","meta":{"footnotes":""},"categories":[241,235],"tags":[],"class_list":{"0":"post-122213","1":"post","2":"type-post","3":"status-publish","4":"format-standard","5":"has-post-thumbnail","7":"category-aktualitet","8":"category-vendi"},"_links":{"self":[{"href":"https:\/\/zjarr.tv\/sq\/wp-json\/wp\/v2\/posts\/122213","targetHints":{"allow":["GET"]}}],"collection":[{"href":"https:\/\/zjarr.tv\/sq\/wp-json\/wp\/v2\/posts"}],"about":[{"href":"https:\/\/zjarr.tv\/sq\/wp-json\/wp\/v2\/types\/post"}],"author":[{"embeddable":true,"href":"https:\/\/zjarr.tv\/sq\/wp-json\/wp\/v2\/users\/2013"}],"replies":[{"embeddable":true,"href":"https:\/\/zjarr.tv\/sq\/wp-json\/wp\/v2\/comments?post=122213"}],"version-history":[{"count":0,"href":"https:\/\/zjarr.tv\/sq\/wp-json\/wp\/v2\/posts\/122213\/revisions"}],"wp:featuredmedia":[{"embeddable":true,"href":"https:\/\/zjarr.tv\/sq\/wp-json\/wp\/v2\/media\/122215"}],"wp:attachment":[{"href":"https:\/\/zjarr.tv\/sq\/wp-json\/wp\/v2\/media?parent=122213"}],"wp:term":[{"taxonomy":"category","embeddable":true,"href":"https:\/\/zjarr.tv\/sq\/wp-json\/wp\/v2\/categories?post=122213"},{"taxonomy":"post_tag","embeddable":true,"href":"https:\/\/zjarr.tv\/sq\/wp-json\/wp\/v2\/tags?post=122213"}],"curies":[{"name":"wp","href":"https:\/\/api.w.org\/{rel}","templated":true}]}}