{"id":122218,"date":"2020-02-17T10:59:33","date_gmt":"2020-02-17T09:59:33","guid":{"rendered":"https:\/\/zjarr.tv\/?p=122218"},"modified":"2020-02-17T10:59:33","modified_gmt":"2020-02-17T09:59:33","slug":"presidenti-meta-njofton-konference-te-jashtezakonshme","status":"publish","type":"post","link":"https:\/\/zjarr.tv\/sq\/presidenti-meta-njofton-konference-te-jashtezakonshme\/","title":{"rendered":"Presidenti Meta njofton konferenc\u00eb t\u00eb jasht\u00ebzakonshme"},"content":{"rendered":"<p>Kreu i Shtetit, Ilir Meta ka njoftuar nj\u00eb konferenc\u00eb t\u00eb jasht\u00ebzakonshme.<\/p>\n<p>Konferenca \u00ebsht\u00eb njoftuar p\u00ebr n\u00eb or\u00ebn 11:30.<\/p>\n<p>Dy dit\u00eb m\u00eb par\u00eb p\u00ebrmes nj\u00eb postimi n\u00eb facebook kreu i shtetit shprehu shqet\u00ebsimin se qeveria po e kthen vendin n\u00eb nj\u00eb shtet policor, duke zaptuar edhe Gjykat\u00ebn Kushtetuese, pas ndryshimeve t\u00eb b\u00ebra p\u00ebr procedure e betimit t\u00eb gjyqtar\u00ebve.<\/p>\n<p><em>Me miratimin n\u00eb pabesi t\u00eb plot\u00eb t\u00eb ligjit anti-kushtetues t\u00eb KRYEK\u00c7K-s\u00eb nj\u00eb dit\u00eb para mb\u00ebrritjes n\u00eb Tiran\u00eb t\u00eb Komisionit t\u00eb Venecias, t\u00eb thirrur nga vet\u00eb Kuvendi nj\u00eb-partiak, nuk kan\u00eb m\u00eb vler\u00eb as thirrjet &#8220;Ndiq parat\u00eb&#8221; se tashm\u00eb parat\u00eb, pronat, \u00e7do pasuri dhe t\u00eb drejtat e shqiptar\u00ebve do p\u00ebrq\u00ebndrohen n\u00eb nj\u00eb grusht t\u00eb vet\u00ebm, fal\u00eb grushtit t\u00eb shtetit q\u00eb finalizohet me shnd\u00ebrrimin e Gjykat\u00ebs Kushtetuese n\u00eb Polici kushtetuese t\u00eb shtetit t\u00eb PPP.<\/em><\/p>\n<p>Ndryshimet e ligjit p\u00ebr policin\u00eb e shtetit, sipas Met\u00ebs, nuk kan\u00eb si synim p\u00ebrafrimin me legjislacionin e BE. P\u00ebr k\u00ebt\u00eb arsye Ilir Meta ngriti alarmin se Edi Rama me Policin\u00eb dhe Propagand\u00ebn po detyron shqiptar\u00ebt t\u00eb ikin nga vendi.<\/p>\n<p><em>&#8220;N\u00eb shtetin e PPP (Polici Parti e Propagand\u00eb) ekziston vet\u00ebm grushti i shtetit dhe shpopullimi i vendit. N\u00eb shtetin e PPP nuk ekzistojn\u00eb as direktivat e BE, as Marr\u00ebveshja e Stabilizim Asocimit, as Konventat Nd\u00ebrkomb\u00ebtare, se kriteret e Kopenhagenit nuk i kujton m\u00eb njeri q\u00eb kur u mbyll Ambasada daneze k\u00ebtu.&#8221;<\/em><\/p>\n","protected":false},"excerpt":{"rendered":"<p>Kreu i Shtetit, Ilir Meta ka njoftuar nj\u00eb konferenc\u00eb t\u00eb jasht\u00ebzakonshme. Konferenca \u00ebsht\u00eb njoftuar p\u00ebr n\u00eb or\u00ebn 11:30. Dy dit\u00eb m\u00eb par\u00eb p\u00ebrmes nj\u00eb postimi n\u00eb facebook kreu i shtetit shprehu shqet\u00ebsimin se qeveria po e kthen vendin n\u00eb nj\u00eb shtet policor, duke zaptuar edhe Gjykat\u00ebn Kushtetuese, pas ndryshimeve t\u00eb b\u00ebra p\u00ebr procedure e betimit [&hellip;]<\/p>\n","protected":false},"author":2013,"featured_media":85288,"comment_status":"open","ping_status":"closed","sticky":false,"template":"","format":"standard","meta":{"footnotes":""},"categories":[241,235],"tags":[],"class_list":{"0":"post-122218","1":"post","2":"type-post","3":"status-publish","4":"format-standard","5":"has-post-thumbnail","7":"category-aktualitet","8":"category-vendi"},"_links":{"self":[{"href":"https:\/\/zjarr.tv\/sq\/wp-json\/wp\/v2\/posts\/122218","targetHints":{"allow":["GET"]}}],"collection":[{"href":"https:\/\/zjarr.tv\/sq\/wp-json\/wp\/v2\/posts"}],"about":[{"href":"https:\/\/zjarr.tv\/sq\/wp-json\/wp\/v2\/types\/post"}],"author":[{"embeddable":true,"href":"https:\/\/zjarr.tv\/sq\/wp-json\/wp\/v2\/users\/2013"}],"replies":[{"embeddable":true,"href":"https:\/\/zjarr.tv\/sq\/wp-json\/wp\/v2\/comments?post=122218"}],"version-history":[{"count":0,"href":"https:\/\/zjarr.tv\/sq\/wp-json\/wp\/v2\/posts\/122218\/revisions"}],"wp:featuredmedia":[{"embeddable":true,"href":"https:\/\/zjarr.tv\/sq\/wp-json\/wp\/v2\/media\/85288"}],"wp:attachment":[{"href":"https:\/\/zjarr.tv\/sq\/wp-json\/wp\/v2\/media?parent=122218"}],"wp:term":[{"taxonomy":"category","embeddable":true,"href":"https:\/\/zjarr.tv\/sq\/wp-json\/wp\/v2\/categories?post=122218"},{"taxonomy":"post_tag","embeddable":true,"href":"https:\/\/zjarr.tv\/sq\/wp-json\/wp\/v2\/tags?post=122218"}],"curies":[{"name":"wp","href":"https:\/\/api.w.org\/{rel}","templated":true}]}}