{"id":122220,"date":"2020-02-17T11:00:41","date_gmt":"2020-02-17T10:00:41","guid":{"rendered":"https:\/\/zjarr.tv\/?p=122220"},"modified":"2020-02-17T11:00:41","modified_gmt":"2020-02-17T10:00:41","slug":"shqiperia-pret-nje-ndihme-rreth-450-milione-euro-nga-konferenca-e-donatoreve","status":"publish","type":"post","link":"https:\/\/zjarr.tv\/sq\/shqiperia-pret-nje-ndihme-rreth-450-milione-euro-nga-konferenca-e-donatoreve\/","title":{"rendered":"Shqip\u00ebria pret nj\u00eb ndihm\u00eb rreth 450 milion\u00eb euro nga Konferenca e Donator\u00ebve"},"content":{"rendered":"<p>N\u00eb nj\u00eb bised\u00eb me Deutsche Wellen Ministri i Rind\u00ebrtimit Arben Ahmetaj pret q\u00eb n\u00eb konferenc\u00ebn e donator\u00ebve n\u00eb\u00a0<em>&#8220;kombinim me grante dhe kredi t\u00eb arrihet t\u00eb mblidhet nj\u00eb ndihm\u00eb rreth 450 milion\u00eb euro&#8221;<\/em>\u00a0p\u00ebr Shqip\u00ebrin\u00eb.<\/p>\n<p><em>\u00a0&#8220;P\u00ebr shkak t\u00eb turit q\u00eb ka b\u00ebr\u00eb kryeministri n\u00eb disa vende, p\u00ebr shkak t\u00eb ndjeshm\u00ebris\u00eb n\u00eb vendet europiane presim nj\u00eb shif\u00ebr p\u00ebraf\u00ebsisht t\u00eb till\u00eb.<\/em>&#8221;<\/p>\n<p>Megjithat\u00eb ai thekson, se nevojat jan\u00eb shum\u00eb m\u00eb t\u00eb m\u00ebdha.\u00a0<em>&#8220;Jam i shqet\u00ebsuar se si do t&#8217;i japim impuls ekonomis\u00eb k\u00ebto vite e si do t\u00eb m\u00ebnjanohen d\u00ebmet n\u00eb infrastruktur\u00eb.<\/em>&#8221;<\/p>\n<p>Nevojat m\u00eb akute n\u00eb Shqip\u00ebri vler\u00ebsohet se jan\u00eb n\u00eb sektorin e banimit, ku pas t\u00ebrmetit m\u00eb shum\u00eb se 95. 000 banesa jan\u00eb shkat\u00ebrruar dhe d\u00ebmtuar, por jo pak d\u00ebme ka pasur edhe n\u00eb shkolla, spitale, e infrastruktur\u00ebn e vendit. Banka Bot\u00ebrore pas t\u00ebrmetit n\u00eb Shqip\u00ebri ofroi menj\u00ebher\u00eb ndihm\u00eb n\u00eb llogaritjen e pasojave t\u00eb d\u00ebmeve dhe efektin e tyre n\u00eb ekonomi.<\/p>\n<p>Drejtoresha rajonale p\u00ebr Ballkanin Per\u00ebndimor n\u00eb Bank\u00ebn Bot\u00ebrore, Linda Van Gelder tha p\u00ebr Deutsche Welle, se\u00a0<em>&#8220;m\u00eb specifikisht, Banka Bot\u00ebrore iu p\u00ebrgjigj nevojave n\u00eb sektorin sh\u00ebndet\u00ebsor, ku t\u00ebrmeti shkat\u00ebrroi disa spitale. Nj\u00eb projekt n\u00eb vijim \u00ebsht\u00eb duke ofruar ndihm\u00eb Ministris\u00eb s\u00eb Sh\u00ebndet\u00ebsis\u00eb dhe Mbrojtjes Sociale p\u00ebr t\u00eb modernizuar sektorin e sh\u00ebndet\u00ebsis\u00eb. Ne jemi t\u00eb gatsh\u00ebm t\u00eb drejtojm\u00eb resurset nga ky projekt p\u00ebr t\u00eb filluar menj\u00ebher\u00eb pun\u00ebn p\u00ebr rikonstruktimin e tre spitaleve t\u00eb prekura.&#8221;<\/em><\/p>\n<p>Banka Bot\u00ebrore ka ofruar e do t\u00eb ofroj\u00eb ndihm\u00eb teknike dhe financiare, si n\u00eb afat t\u00eb shkurt\u00ebr ashtu edhe t\u00eb mes\u00ebm, thot\u00eb Van Gelder, e cila po ashtu do t\u00eb marr\u00eb pjes\u00eb n\u00eb Konferenc\u00ebn e Donator\u00ebve, si p\u00ebrfaq\u00ebsuese e Bank\u00ebs Bot\u00ebrore.<\/p>\n<p>Konferenca zhvillohet pasditen e sotme, dhe pas fjalimeve p\u00ebrsh\u00ebndet\u00ebse, pjes\u00ebmarr\u00ebsit do t\u00eb njihen me p\u00ebrfundimet e raportit mbi d\u00ebmet e shkaktuara nga t\u00ebrmeti e me video nga zonat e prekura nga t\u00ebrmeti. Konkluzionet e konferenc\u00ebs, ku pritet t\u00eb marrin pjes\u00eb edhe vende t\u00eb tjera t\u00eb ftuara dhe organizata do t&#8217;i ofroj\u00eb n\u00eb fund komisioneri i zgjerimit t\u00eb BE, Oliv\u00e9r V\u00e1rhelyi.<\/p>\n","protected":false},"excerpt":{"rendered":"<p>N\u00eb nj\u00eb bised\u00eb me Deutsche Wellen Ministri i Rind\u00ebrtimit Arben Ahmetaj pret q\u00eb n\u00eb konferenc\u00ebn e donator\u00ebve n\u00eb\u00a0&#8220;kombinim me grante dhe kredi t\u00eb arrihet t\u00eb mblidhet nj\u00eb ndihm\u00eb rreth 450 milion\u00eb euro&#8221;\u00a0p\u00ebr Shqip\u00ebrin\u00eb. \u00a0&#8220;P\u00ebr shkak t\u00eb turit q\u00eb ka b\u00ebr\u00eb kryeministri n\u00eb disa vende, p\u00ebr shkak t\u00eb ndjeshm\u00ebris\u00eb n\u00eb vendet europiane presim nj\u00eb shif\u00ebr p\u00ebraf\u00ebsisht [&hellip;]<\/p>\n","protected":false},"author":2013,"featured_media":113515,"comment_status":"open","ping_status":"closed","sticky":false,"template":"","format":"standard","meta":{"footnotes":""},"categories":[241,235],"tags":[],"class_list":{"0":"post-122220","1":"post","2":"type-post","3":"status-publish","4":"format-standard","5":"has-post-thumbnail","7":"category-aktualitet","8":"category-vendi"},"_links":{"self":[{"href":"https:\/\/zjarr.tv\/sq\/wp-json\/wp\/v2\/posts\/122220","targetHints":{"allow":["GET"]}}],"collection":[{"href":"https:\/\/zjarr.tv\/sq\/wp-json\/wp\/v2\/posts"}],"about":[{"href":"https:\/\/zjarr.tv\/sq\/wp-json\/wp\/v2\/types\/post"}],"author":[{"embeddable":true,"href":"https:\/\/zjarr.tv\/sq\/wp-json\/wp\/v2\/users\/2013"}],"replies":[{"embeddable":true,"href":"https:\/\/zjarr.tv\/sq\/wp-json\/wp\/v2\/comments?post=122220"}],"version-history":[{"count":0,"href":"https:\/\/zjarr.tv\/sq\/wp-json\/wp\/v2\/posts\/122220\/revisions"}],"wp:featuredmedia":[{"embeddable":true,"href":"https:\/\/zjarr.tv\/sq\/wp-json\/wp\/v2\/media\/113515"}],"wp:attachment":[{"href":"https:\/\/zjarr.tv\/sq\/wp-json\/wp\/v2\/media?parent=122220"}],"wp:term":[{"taxonomy":"category","embeddable":true,"href":"https:\/\/zjarr.tv\/sq\/wp-json\/wp\/v2\/categories?post=122220"},{"taxonomy":"post_tag","embeddable":true,"href":"https:\/\/zjarr.tv\/sq\/wp-json\/wp\/v2\/tags?post=122220"}],"curies":[{"name":"wp","href":"https:\/\/api.w.org\/{rel}","templated":true}]}}