{"id":122249,"date":"2020-02-17T12:52:37","date_gmt":"2020-02-17T11:52:37","guid":{"rendered":"https:\/\/zjarr.tv\/?p=122249"},"modified":"2020-02-17T12:52:37","modified_gmt":"2020-02-17T11:52:37","slug":"shqiperia-83-mije-kerkesa-per-azil-ne-vitet-2015-2017-ne-gjermani","status":"publish","type":"post","link":"https:\/\/zjarr.tv\/sq\/shqiperia-83-mije-kerkesa-per-azil-ne-vitet-2015-2017-ne-gjermani\/","title":{"rendered":"Shqip\u00ebria, 83 mij\u00eb k\u00ebrkesa p\u00ebr azil n\u00eb vitet 2015-2017 n\u00eb Gjermani"},"content":{"rendered":"<p><em>N\u00eb 1 mars n\u00eb Gjermani hyn n\u00eb fuqi ligji p\u00ebr emigrant\u00ebt e kualifikuar, q\u00eb parashtron rregulla m\u00eb t\u00eb lehta p\u00ebr personat q\u00eb duan t\u00eb punojn\u00eb n\u00eb vend me nj\u00eb diplom\u00eb profesionale. OECD-ja thot\u00eb se mij\u00ebra azilk\u00ebrkues hasin v\u00ebshtir\u00ebsi n\u00eb vend p\u00ebr k\u00ebt\u00eb shkak, p\u00ebrfshir\u00eb shtetasit nga Shqip\u00ebria q\u00eb nd\u00ebr vite num\u00ebrohen n\u00eb dhjet\u00ebra mij\u00ebra.<\/em><\/p>\n<p>Gjermania \u00ebsht\u00eb nj\u00eb destinacion i d\u00ebshiruar p\u00ebr refugjat\u00ebt dhe azilk\u00ebrkuesit shqiptar\u00eb, por edhe nj\u00eb vend i v\u00ebshtir\u00eb p\u00ebr t\u00eb gjetur pun\u00eb p\u00ebr ata q\u00eb nuk kan\u00eb njohuri t\u00eb gjuh\u00ebs dhe arsimin p\u00ebrkat\u00ebs.<\/p>\n<p>N\u00eb k\u00ebt\u00eb konkluzion arrin Organizata p\u00ebr Bashk\u00ebpunim Ekonomik dhe Zhvillim n\u00eb nj\u00eb studim mbi pengesat q\u00eb hasin n\u00eb vend t\u00eb ardhurit e huaj.<\/p>\n<p>Sipas analiz\u00ebs, aplikant\u00ebt nga Kosova dhe Shqip\u00ebria pes\u00eb vit\u00eb m\u00eb par\u00eb p\u00ebrb\u00ebnin grupet m\u00eb t\u00eb m\u00ebdha t\u00eb azilk\u00ebrkuesve n\u00eb vend.<\/p>\n<p>Zyra federale p\u00ebr emigrant\u00ebt dhe refugjat\u00ebt m\u00ebsohet se n\u00eb vitet 2015-2017 trajtoi 83,200 k\u00ebrkesa p\u00ebr azil n\u00eb rastin e Shqip\u00ebris\u00eb dhe 53,700 t\u00eb tilla nga Kosova.<\/p>\n<p>P\u00ebr Tiran\u00ebn, norma e njohjes s\u00eb azilit ishte m\u00eb pak se 0,5 p\u00ebr qind, 81 p\u00ebr qind e aplikimeve u refuzuan dhe 19 p\u00ebr qind u cil\u00ebsuan t\u00eb papranueshme.<\/p>\n<p>Sipas OECD-s\u00eb, nga ata pak aplikant\u00eb q\u00eb arrit\u00ebn t\u00eb fitonin azilin, pak shqiptar\u00eb por edhe t\u00eb huaj kan\u00eb mundur t\u00eb avancojn\u00eb me sukses n\u00eb shkollimet profesionale p\u00ebr t\u00eb siguruar nj\u00eb vend pune.<\/p>\n<p>Deficite paraqesin edhe rrjetet e kufizuara shoq\u00ebrore, apo pun\u00ebdh\u00ebn\u00ebsit q\u00eb nuk marrin refugjat\u00ebt n\u00eb pun\u00eb, jo detyrimisht prej racizmit apo diskriminimit, por prej keqkuptimeve, thekson studimi i financuar nga Ministria gjermane e Arsimit.<\/p>\n<p>Rregulla t\u00eb reja po p\u00ebrpilohen n\u00eb favor t\u00eb refugjat\u00ebve t\u00eb cil\u00ebve u \u00ebsht\u00eb refuzuar azili, dhe q\u00eb tani mund ta p\u00ebrfundojn\u00eb pa problem kontrat\u00ebn e shkollimit profesional dhe t\u00eb punojn\u00eb p\u00ebr dy vite.<\/p>\n<p>Rregullat jan\u00eb pjes\u00eb e Ligjit p\u00ebr Emigracionin Profesional q\u00eb do hyn n\u00eb fuqi m\u00eb 1 mars.<\/p>\n","protected":false},"excerpt":{"rendered":"<p>N\u00eb 1 mars n\u00eb Gjermani hyn n\u00eb fuqi ligji p\u00ebr emigrant\u00ebt e kualifikuar, q\u00eb parashtron rregulla m\u00eb t\u00eb lehta p\u00ebr personat q\u00eb duan t\u00eb punojn\u00eb n\u00eb vend me nj\u00eb diplom\u00eb profesionale. OECD-ja thot\u00eb se mij\u00ebra azilk\u00ebrkues hasin v\u00ebshtir\u00ebsi n\u00eb vend p\u00ebr k\u00ebt\u00eb shkak, p\u00ebrfshir\u00eb shtetasit nga Shqip\u00ebria q\u00eb nd\u00ebr vite num\u00ebrohen n\u00eb dhjet\u00ebra mij\u00ebra. Gjermania [&hellip;]<\/p>\n","protected":false},"author":2013,"featured_media":53640,"comment_status":"open","ping_status":"closed","sticky":false,"template":"","format":"standard","meta":{"footnotes":""},"categories":[241,235],"tags":[],"class_list":{"0":"post-122249","1":"post","2":"type-post","3":"status-publish","4":"format-standard","5":"has-post-thumbnail","7":"category-aktualitet","8":"category-vendi"},"_links":{"self":[{"href":"https:\/\/zjarr.tv\/sq\/wp-json\/wp\/v2\/posts\/122249","targetHints":{"allow":["GET"]}}],"collection":[{"href":"https:\/\/zjarr.tv\/sq\/wp-json\/wp\/v2\/posts"}],"about":[{"href":"https:\/\/zjarr.tv\/sq\/wp-json\/wp\/v2\/types\/post"}],"author":[{"embeddable":true,"href":"https:\/\/zjarr.tv\/sq\/wp-json\/wp\/v2\/users\/2013"}],"replies":[{"embeddable":true,"href":"https:\/\/zjarr.tv\/sq\/wp-json\/wp\/v2\/comments?post=122249"}],"version-history":[{"count":0,"href":"https:\/\/zjarr.tv\/sq\/wp-json\/wp\/v2\/posts\/122249\/revisions"}],"wp:featuredmedia":[{"embeddable":true,"href":"https:\/\/zjarr.tv\/sq\/wp-json\/wp\/v2\/media\/53640"}],"wp:attachment":[{"href":"https:\/\/zjarr.tv\/sq\/wp-json\/wp\/v2\/media?parent=122249"}],"wp:term":[{"taxonomy":"category","embeddable":true,"href":"https:\/\/zjarr.tv\/sq\/wp-json\/wp\/v2\/categories?post=122249"},{"taxonomy":"post_tag","embeddable":true,"href":"https:\/\/zjarr.tv\/sq\/wp-json\/wp\/v2\/tags?post=122249"}],"curies":[{"name":"wp","href":"https:\/\/api.w.org\/{rel}","templated":true}]}}