{"id":122258,"date":"2020-02-18T12:53:50","date_gmt":"2020-02-18T11:53:50","guid":{"rendered":"https:\/\/zjarr.tv\/?p=122258"},"modified":"2020-02-18T12:53:50","modified_gmt":"2020-02-18T11:53:50","slug":"pr-ligji-per-pakicat-gati-rama-edhe-greket-kane-te-njejtat-te-drejta-si-te-gjithe","status":"publish","type":"post","link":"https:\/\/zjarr.tv\/sq\/pr-ligji-per-pakicat-gati-rama-edhe-greket-kane-te-njejtat-te-drejta-si-te-gjithe\/","title":{"rendered":"Pr\/ligji p\u00ebr pakicat gati, Rama: Edhe grek\u00ebt kan\u00eb t\u00eb nj\u00ebjtat t\u00eb drejta si t\u00eb gjith\u00eb"},"content":{"rendered":"<p>Projektligji q\u00eb sqaron t\u00eb drejtat pron\u00ebsore t\u00eb pakic\u00ebs etnike greke \u00ebsht\u00eb gati p\u00ebr tu paraqitur n\u00eb parlamentin shqiptar. K\u00ebshtu ka deklaruar kryeministri Edi Rama n\u00eb nj\u00eb intervist\u00eb p\u00ebr gazet\u00ebn greke &#8220;Ta Nea&#8221;.<\/p>\n<p>Nd\u00ebr t\u00eb tjera, gazeta greke shkruan se Rama i \u00ebsht\u00eb shmangur \u00e7\u00ebshtjes s\u00eb problemit q\u00eb kan\u00eb zonat me pakica etnike Greke, ku banor\u00ebve u \u00ebsht\u00eb mohuar e drejta p\u00ebr tu identifikuar si Grek\u00eb. Por vlen t\u00eb p\u00ebrmendet, se ekzistojn\u00eb dy \u00e7\u00ebshtje t\u00eb ve\u00e7anta, p\u00ebrkat\u00ebsisht vet\u00ebvendosja dhe ruajtja e t\u00eb drejtave pron\u00ebsore t\u00eb pakic\u00ebs etnike Greke n\u00eb Shqip\u00ebri.<\/p>\n<p>Sidoqoft\u00eb, shkruan &#8220;Ta Nea&#8221;, Rama siguroi q\u00eb\u00a0<em>&#8220;vendi i tij \u00ebsht\u00eb<\/em><em>\u00a0p\u00ebrgatitur plot\u00ebsisht dhe u \u00ebsht\u00eb p\u00ebrgjigjur k\u00ebrkesave t\u00eb Unionit n\u00eb m\u00ebnyr\u00eb q\u00eb t\u00eb hapin proceset e pranimit&#8221;.<\/em><\/p>\n<p><em>&#8220;Un\u00eb nuk e di \u00e7\u00ebshtjen e vet\u00ebvendosjes por e di se ligji i pron\u00ebs, i cili ka t\u00eb b\u00ebj\u00eb jo vet\u00ebm me pakic\u00ebn greke, por t\u00eb gjith\u00eb qytetar\u00ebt shqiptar\u00eb, \u00ebsht\u00eb i gatsh\u00ebm p\u00ebr tu paraqitur n\u00eb Parlamentin shqiptar&#8221;,<\/em>\u00a0tha Rama.<\/p>\n<p>Ai shtoi m\u00eb tej se\u00a0<em>&#8220;pakicat n\u00eb Shqip\u00ebri dhe n\u00eb ve\u00e7anti pakica greke jetojn\u00eb me t\u00eb nj\u00ebjtat t\u00eb drejta dhe t\u00eb nj\u00ebjtat probleme si qytetar\u00ebt shqiptar\u00eb. P\u00ebrpjekja ka p\u00ebr q\u00ebllim p\u00ebrmir\u00ebsimin e kushteve p\u00ebr t\u00eb gjith\u00eb qytetar\u00ebt dhe n\u00eb t\u00eb nj\u00ebjt\u00ebn koh\u00eb adresimin e \u00e7\u00ebshtjeve q\u00eb lidhen me pakicat &#8220;.<\/em><\/p>\n<p>Muajt e ardhsh\u00ebm jan\u00eb vendimtar\u00eb p\u00ebr Tiran\u00ebn dhe Shkupin, pasi jan\u00eb n\u00eb pritje t\u00eb vendimit p\u00ebr hapjen ose jo t\u00eb negociatave.<\/p>\n<p>I pyetur se \u00e7far\u00eb ndikimi pret brenda vendit t\u00eb tij n\u00ebse evropian\u00ebt nuk japin p\u00ebrfundimisht drit\u00ebn e gjelb\u00ebr, ai tha se\u00a0<em>&#8220;Shqip\u00ebria ka b\u00ebr\u00eb m\u00eb shum\u00eb se \u00e7do vend tjet\u00ebr p\u00ebr t\u00eb filluar negociatat. Do t\u00eb vazhdojm\u00eb t\u00eb adoptoj\u00eb ndryshime strukturore p\u00ebr vet\u00eb Shqip\u00ebrin\u00eb dhe jo vet\u00ebm sepse ato jan\u00eb kushte evropiane&#8221;.<\/em><\/p>\n","protected":false},"excerpt":{"rendered":"<p>Projektligji q\u00eb sqaron t\u00eb drejtat pron\u00ebsore t\u00eb pakic\u00ebs etnike greke \u00ebsht\u00eb gati p\u00ebr tu paraqitur n\u00eb parlamentin shqiptar. K\u00ebshtu ka deklaruar kryeministri Edi Rama n\u00eb nj\u00eb intervist\u00eb p\u00ebr gazet\u00ebn greke &#8220;Ta Nea&#8221;. Nd\u00ebr t\u00eb tjera, gazeta greke shkruan se Rama i \u00ebsht\u00eb shmangur \u00e7\u00ebshtjes s\u00eb problemit q\u00eb kan\u00eb zonat me pakica etnike Greke, ku banor\u00ebve [&hellip;]<\/p>\n","protected":false},"author":2013,"featured_media":122259,"comment_status":"open","ping_status":"closed","sticky":false,"template":"","format":"standard","meta":{"footnotes":""},"categories":[241,235],"tags":[],"class_list":{"0":"post-122258","1":"post","2":"type-post","3":"status-publish","4":"format-standard","5":"has-post-thumbnail","7":"category-aktualitet","8":"category-vendi"},"_links":{"self":[{"href":"https:\/\/zjarr.tv\/sq\/wp-json\/wp\/v2\/posts\/122258","targetHints":{"allow":["GET"]}}],"collection":[{"href":"https:\/\/zjarr.tv\/sq\/wp-json\/wp\/v2\/posts"}],"about":[{"href":"https:\/\/zjarr.tv\/sq\/wp-json\/wp\/v2\/types\/post"}],"author":[{"embeddable":true,"href":"https:\/\/zjarr.tv\/sq\/wp-json\/wp\/v2\/users\/2013"}],"replies":[{"embeddable":true,"href":"https:\/\/zjarr.tv\/sq\/wp-json\/wp\/v2\/comments?post=122258"}],"version-history":[{"count":0,"href":"https:\/\/zjarr.tv\/sq\/wp-json\/wp\/v2\/posts\/122258\/revisions"}],"wp:featuredmedia":[{"embeddable":true,"href":"https:\/\/zjarr.tv\/sq\/wp-json\/wp\/v2\/media\/122259"}],"wp:attachment":[{"href":"https:\/\/zjarr.tv\/sq\/wp-json\/wp\/v2\/media?parent=122258"}],"wp:term":[{"taxonomy":"category","embeddable":true,"href":"https:\/\/zjarr.tv\/sq\/wp-json\/wp\/v2\/categories?post=122258"},{"taxonomy":"post_tag","embeddable":true,"href":"https:\/\/zjarr.tv\/sq\/wp-json\/wp\/v2\/tags?post=122258"}],"curies":[{"name":"wp","href":"https:\/\/api.w.org\/{rel}","templated":true}]}}