{"id":122261,"date":"2020-02-18T12:59:54","date_gmt":"2020-02-18T11:59:54","guid":{"rendered":"https:\/\/zjarr.tv\/?p=122261"},"modified":"2020-02-18T12:59:54","modified_gmt":"2020-02-18T11:59:54","slug":"kryemadhi-entuziazmi-mbaroi-te-filloje-pergjegjshmeria-e-qeverise","status":"publish","type":"post","link":"https:\/\/zjarr.tv\/sq\/kryemadhi-entuziazmi-mbaroi-te-filloje-pergjegjshmeria-e-qeverise\/","title":{"rendered":"Kryemadhi: Entuziazmi mbaroi, t\u00eb filloj\u00eb p\u00ebrgjegjshm\u00ebria e qeveris\u00eb"},"content":{"rendered":"<p>Kryetarja e LSI, Monika Kryemadhi ka reaguar nj\u00eb dit\u00eb pas fondeve t\u00eb mbledhura nga Konferenca e Donator\u00ebve p\u00ebr rind\u00ebrtimin e Shqip\u00ebris\u00eb.<\/p>\n<p>N\u00eb nj\u00eb dalje p\u00ebr mediat, Kryemadhi u shpreh se entuziazmi mbaroi dhe duhet t\u00eb filloj\u00eb p\u00ebrgjegjshm\u00ebria e qeveris\u00eb. Puna p\u00ebr rind\u00ebrtimin e banesave, tha ajo, duhet t\u00eb filloj\u00eb sa m\u00eb par\u00eb.<\/p>\n<p><strong>Monika Kryemadhi:<\/strong>\u00a0<em>Ky fal\u00ebnderim \u00ebsht\u00eb m\u00eb shum\u00eb se nj\u00eb fal\u00ebnderim, por \u00ebsht\u00eb nj\u00eb shpres\u00eb q\u00eb do ti jap\u00eb shqiptareve forc\u00ebn p\u00ebr t\u00eb vazhduar betejen dhe p\u00ebr ti treguar atyre se nuk jan\u00eb vet\u00ebm, por jan\u00eb n\u00eb mb\u00ebshtetje nga BE.<\/em><\/p>\n<p><em>Takimi i djesh\u00ebm tregoi qart\u00eb q\u00eb nuk ka paragjykim ndaj Shqip\u00ebris\u00eb dhe shqiptareve, p\u00ebrkundrazi ndjejn\u00eb detyrim p\u00ebr ti ndihmuar.<\/em><\/p>\n<p><em>Ajo q\u00eb dua t\u00eb theksoj \u00ebsht\u00eb q\u00eb notat e entuziazmit mbaruan, duhet t\u00eb filloj\u00eb p\u00ebrgjegj\u00ebsia dhe p\u00ebrgjegjshm\u00ebria e qeveris\u00eb shqiptare.<\/em><\/p>\n<p><em>P\u00ebr shqiptar\u00ebt dhe sht\u00ebpit\u00eb n\u00eb rind\u00ebrtim do t\u00eb shkojn\u00eb 265 mln euro. Duhet t\u00eb nd\u00ebrtohen sa m\u00eb shpejt sht\u00ebpit\u00eb e tyre. Ata t\u00eb hyjn\u00eb t\u00eb lumtur n\u00eb sht\u00ebpit\u00eb e tyre, sepse takimi i djesh\u00ebm ia dha k\u00ebt\u00eb mund\u00ebsi shqiptar\u00ebve q\u00eb t\u00eb jen\u00eb t\u00eb qet\u00eb.<\/em><\/p>\n<p>P\u00ebr menaxhimin e fondeve dhe t\u00eb huas q\u00eb \u00ebsht\u00eb dh\u00ebn\u00eb p\u00ebr Shqip\u00ebrin\u00eb, Kryemadhi k\u00ebrkoi ngritjen e nj\u00eb institucioni moniturimi me ekspert\u00eb t\u00eb pavarur. Shqiptar\u00ebt, tha Kryemadhi, nuk kan\u00eb besim tek qeveria.<\/p>\n<p><strong>Monika Kryemadhi<em>:\u00a0<\/em><\/strong><em>Buz\u00ebqeshja e kryeministrit ishte e madhe, sepse prej vitesh po k\u00ebrkon kredi p\u00ebr t\u00eb paguar pagat dhe shpenzimet administrative. \u00a0885 mln euro q\u00eb jan\u00eb n\u00eb form\u00eb huaje, t\u00eb cilat jan\u00eb para q\u00eb do ti paguajn\u00eb shqiptar\u00ebt. Prandaj \u00ebsht\u00eb e r\u00ebnd\u00ebsishme p\u00ebr t\u00eb pasur nj\u00eb institucion monitorimi t\u00eb pavarur me ekspert\u00eb t\u00eb cil\u00ebt do t\u00eb b\u00ebjn\u00eb monitorimin e t\u00eb gjith\u00eb k\u00ebtij projekti, sepse besimi i shqiptar\u00ebve te kjo qeveri ka humbur.<\/em><\/p>\n<p><em>SHBA do t\u00eb themelojn\u00eb me parat\u00eb q\u00eb kan\u00eb dh\u00ebn\u00eb dje akademin\u00eb p\u00ebr nj\u00eb transparence, e cila do t\u00eb ndihmoj\u00eb Shqip\u00ebrin\u00eb p\u00ebr llogaridh\u00ebnien e donacioneve.\u00a0<\/em><\/p>\n<p>P\u00ebrball\u00eb nj\u00eb qeveri q\u00eb \u00a0t\u00eb paaft\u00eb dhe q\u00eb nuk di t\u00eb menaxhoj\u00eb buxhetin, Kryemadhi tha se opozita do t\u00eb jet\u00eb vigjilent dhe do t\u00eb ndjekin hap pas hapi se si do t\u00eb p\u00ebrdoren parat\u00eb e dh\u00ebna nga BE.<\/p>\n<p><strong>Monika Kryemadhi<em>:\u00a0<\/em><\/strong><em>Ne do t\u00eb jemi t\u00eb gatsh\u00ebm dhe do t\u00eb jemi vigjilent\u00eb p\u00ebr t\u00eb ndjekur hap pas hapi \u00e7do projekt q\u00eb ka t\u00eb b\u00ebj\u00eb me rind\u00ebrtimin e sht\u00ebpive t\u00eb shqiptar\u00ebve. Por jo vet\u00ebm t\u00eb sht\u00ebpive, por edhe t\u00eb shkollave, t\u00eb kopshteve, t\u00eb \u00e7erdheve, t\u00eb kishave dhe xhamive, t\u00eb cilat jan\u00eb objekte q\u00eb jan\u00eb n\u00eb sh\u00ebrbim t\u00eb qytetar\u00ebve. Dhe absolutisht do t\u00eb ndjekim hap pas hapi n\u00ebse kjo qeveri k\u00ebto para t\u00eb cilat dje Europa ju a dha shqiptar\u00ebve, do ti p\u00ebrdori p\u00ebr fluturimet e tyre luksoze, p\u00ebr zyrat e tyre luksoze apo p\u00ebr investimet e tyre t\u00eb luksit t\u00eb administrat\u00ebs. Tashm\u00eb nuk ka m\u00eb arsye p\u00ebr t\u00eb zvarritur zgjidhjen e problemeve t\u00eb familjeve t\u00eb cilat kan\u00eb humbur sht\u00ebpit\u00eb dhe flen\u00eb n\u00eb \u00e7ad\u00ebr, tashm\u00eb ne presim me padurim q\u00eb t\u00eb shikojm\u00eb sa m\u00eb shpejt\u00eb sht\u00ebpit\u00eb e para dhe nd\u00ebrtesat e para, ku qytetar\u00ebt t\u00eb cil\u00ebt humb\u00ebn nd\u00ebrtesat e tyre n\u00eb t\u00ebrmetin e 26 n\u00ebntorit t\u00eb jen\u00eb t\u00eb strehuar dhe f\u00ebmij\u00ebt e tyre t\u00eb shkojn\u00eb n\u00eb shkoll\u00eb si t\u00eb gjith\u00eb f\u00ebmij\u00ebt e tjer\u00eb. Por edhe \u00ebsht\u00eb shum\u00eb e r\u00ebnd\u00ebsishme q\u00eb jo vet\u00ebm p\u00ebr ato sht\u00ebpi dhe nd\u00ebrtesa q\u00eb jan\u00eb d\u00ebmtuar por q\u00eb jan\u00eb dhe qindra e mij\u00ebra familje t\u00eb tjera t\u00eb cilat jan\u00eb t\u00eb rrezikuara n\u00eb rast t\u00eb nj\u00eb t\u00ebrmeti tjet\u00ebr n\u00eb m\u00ebnyr\u00eb t\u00eb till\u00eb q\u00eb kjo gj\u00eb t\u00eb mos ndodhi m\u00eb, si\u00e7 ndodhi n\u00eb 26 n\u00ebntor.<\/em><\/p>\n","protected":false},"excerpt":{"rendered":"<p>Kryetarja e LSI, Monika Kryemadhi ka reaguar nj\u00eb dit\u00eb pas fondeve t\u00eb mbledhura nga Konferenca e Donator\u00ebve p\u00ebr rind\u00ebrtimin e Shqip\u00ebris\u00eb. N\u00eb nj\u00eb dalje p\u00ebr mediat, Kryemadhi u shpreh se entuziazmi mbaroi dhe duhet t\u00eb filloj\u00eb p\u00ebrgjegjshm\u00ebria e qeveris\u00eb. Puna p\u00ebr rind\u00ebrtimin e banesave, tha ajo, duhet t\u00eb filloj\u00eb sa m\u00eb par\u00eb. Monika Kryemadhi:\u00a0Ky fal\u00ebnderim [&hellip;]<\/p>\n","protected":false},"author":2013,"featured_media":58670,"comment_status":"open","ping_status":"closed","sticky":false,"template":"","format":"standard","meta":{"footnotes":""},"categories":[241,235],"tags":[],"class_list":{"0":"post-122261","1":"post","2":"type-post","3":"status-publish","4":"format-standard","5":"has-post-thumbnail","7":"category-aktualitet","8":"category-vendi"},"_links":{"self":[{"href":"https:\/\/zjarr.tv\/sq\/wp-json\/wp\/v2\/posts\/122261","targetHints":{"allow":["GET"]}}],"collection":[{"href":"https:\/\/zjarr.tv\/sq\/wp-json\/wp\/v2\/posts"}],"about":[{"href":"https:\/\/zjarr.tv\/sq\/wp-json\/wp\/v2\/types\/post"}],"author":[{"embeddable":true,"href":"https:\/\/zjarr.tv\/sq\/wp-json\/wp\/v2\/users\/2013"}],"replies":[{"embeddable":true,"href":"https:\/\/zjarr.tv\/sq\/wp-json\/wp\/v2\/comments?post=122261"}],"version-history":[{"count":0,"href":"https:\/\/zjarr.tv\/sq\/wp-json\/wp\/v2\/posts\/122261\/revisions"}],"wp:featuredmedia":[{"embeddable":true,"href":"https:\/\/zjarr.tv\/sq\/wp-json\/wp\/v2\/media\/58670"}],"wp:attachment":[{"href":"https:\/\/zjarr.tv\/sq\/wp-json\/wp\/v2\/media?parent=122261"}],"wp:term":[{"taxonomy":"category","embeddable":true,"href":"https:\/\/zjarr.tv\/sq\/wp-json\/wp\/v2\/categories?post=122261"},{"taxonomy":"post_tag","embeddable":true,"href":"https:\/\/zjarr.tv\/sq\/wp-json\/wp\/v2\/tags?post=122261"}],"curies":[{"name":"wp","href":"https:\/\/api.w.org\/{rel}","templated":true}]}}