{"id":122264,"date":"2020-02-18T13:00:57","date_gmt":"2020-02-18T12:00:57","guid":{"rendered":"https:\/\/zjarr.tv\/?p=122264"},"modified":"2020-02-18T13:00:57","modified_gmt":"2020-02-18T12:00:57","slug":"presidenti-meta-takon-bashen-e-njoha-me-skandalet-e-fundit-anti-kushtetuese-dhe-grushtin-e-shtetit","status":"publish","type":"post","link":"https:\/\/zjarr.tv\/sq\/presidenti-meta-takon-bashen-e-njoha-me-skandalet-e-fundit-anti-kushtetuese-dhe-grushtin-e-shtetit\/","title":{"rendered":"Presidenti Meta takon Bash\u00ebn: E njoha me skandalet e fundit anti-kushtetuese dhe grushtin e shtetit"},"content":{"rendered":"<p>Presidenti i Republik\u00ebs Ilir Meta takoi dit\u00ebn e sotme kreun e PD-s\u00eb, Lulzim Basha.<\/p>\n<p>Lajmin e ka dh\u00ebn\u00eb k\u00ebshilltari p\u00ebr median dhe z\u00ebdh\u00ebn\u00ebsi i presidentit, Tedi Blushi p\u00ebrmes nj\u00eb postimi n\u00eb Facebook.<\/p>\n<p><strong>Tedi Blushi:<\/strong>\u00a0<em>Presidenti i Republik\u00ebs Sh.T.Z Ilir Meta thirri sot n\u00eb nj\u00eb takim Kryetarin e Partis\u00eb Demokratike, z.Lulzim Basha.<\/em><\/p>\n<p><em>Presidenti Meta e njohu z.Basha me skandalet e fundit anti-kushtetuese dhe p\u00ebrpjekjet e Rilindjes p\u00ebr grusht shteti, dhe i k\u00ebrkoi kryetarit t\u00eb PD-s\u00eb q\u00eb t\u00eb informonte edhe drejtuesit e partive t\u00eb tjera opozitare.<\/em><\/p>\n<p><em>Presidenti Meta b\u00ebri t\u00eb qart\u00eb se do t\u00eb b\u00ebj\u00eb \u00e7do gj\u00eb p\u00ebr t\u00eb ndaluar dhe p\u00ebr t\u00eb shpartalluar grushtin e shtetit, duke i dh\u00ebn\u00eb p\u00ebrgjigjen m\u00eb shembullore q\u00eb meriton.<\/em><\/p>\n","protected":false},"excerpt":{"rendered":"<p>Presidenti i Republik\u00ebs Ilir Meta takoi dit\u00ebn e sotme kreun e PD-s\u00eb, Lulzim Basha. Lajmin e ka dh\u00ebn\u00eb k\u00ebshilltari p\u00ebr median dhe z\u00ebdh\u00ebn\u00ebsi i presidentit, Tedi Blushi p\u00ebrmes nj\u00eb postimi n\u00eb Facebook. Tedi Blushi:\u00a0Presidenti i Republik\u00ebs Sh.T.Z Ilir Meta thirri sot n\u00eb nj\u00eb takim Kryetarin e Partis\u00eb Demokratike, z.Lulzim Basha. Presidenti Meta e njohu z.Basha [&hellip;]<\/p>\n","protected":false},"author":2013,"featured_media":122265,"comment_status":"open","ping_status":"closed","sticky":false,"template":"","format":"standard","meta":{"footnotes":""},"categories":[241,235],"tags":[],"class_list":{"0":"post-122264","1":"post","2":"type-post","3":"status-publish","4":"format-standard","5":"has-post-thumbnail","7":"category-aktualitet","8":"category-vendi"},"_links":{"self":[{"href":"https:\/\/zjarr.tv\/sq\/wp-json\/wp\/v2\/posts\/122264","targetHints":{"allow":["GET"]}}],"collection":[{"href":"https:\/\/zjarr.tv\/sq\/wp-json\/wp\/v2\/posts"}],"about":[{"href":"https:\/\/zjarr.tv\/sq\/wp-json\/wp\/v2\/types\/post"}],"author":[{"embeddable":true,"href":"https:\/\/zjarr.tv\/sq\/wp-json\/wp\/v2\/users\/2013"}],"replies":[{"embeddable":true,"href":"https:\/\/zjarr.tv\/sq\/wp-json\/wp\/v2\/comments?post=122264"}],"version-history":[{"count":0,"href":"https:\/\/zjarr.tv\/sq\/wp-json\/wp\/v2\/posts\/122264\/revisions"}],"wp:featuredmedia":[{"embeddable":true,"href":"https:\/\/zjarr.tv\/sq\/wp-json\/wp\/v2\/media\/122265"}],"wp:attachment":[{"href":"https:\/\/zjarr.tv\/sq\/wp-json\/wp\/v2\/media?parent=122264"}],"wp:term":[{"taxonomy":"category","embeddable":true,"href":"https:\/\/zjarr.tv\/sq\/wp-json\/wp\/v2\/categories?post=122264"},{"taxonomy":"post_tag","embeddable":true,"href":"https:\/\/zjarr.tv\/sq\/wp-json\/wp\/v2\/tags?post=122264"}],"curies":[{"name":"wp","href":"https:\/\/api.w.org\/{rel}","templated":true}]}}