{"id":122267,"date":"2020-02-18T13:02:22","date_gmt":"2020-02-18T12:02:22","guid":{"rendered":"https:\/\/zjarr.tv\/?p=122267"},"modified":"2020-02-18T13:02:22","modified_gmt":"2020-02-18T12:02:22","slug":"greva-e-urise-rendohet-gjendja-e-dy-punonjesve-te-nenstacionit-elektrik-ne-pocem","status":"publish","type":"post","link":"https:\/\/zjarr.tv\/sq\/greva-e-urise-rendohet-gjendja-e-dy-punonjesve-te-nenstacionit-elektrik-ne-pocem\/","title":{"rendered":"Greva e uris\u00eb, r\u00ebndohet gjendja e dy punonj\u00ebsve t\u00eb n\u00ebnstacionit elektrik n\u00eb Po\u00e7em"},"content":{"rendered":"<p>\u00cbsht\u00eb r\u00ebnduar gjendja e dy punonj\u00ebsve t\u00eb n\u00ebnstacionit elektrik dhe pompimit n\u00eb Po\u00e7em q\u00eb jan\u00eb n\u00eb grev\u00eb.<\/p>\n<p>Greva e punonj\u00ebsve t\u00eb n\u00ebnstacionit n\u00eb Po\u00e7em jan\u00eb futur n\u00eb dit\u00ebn e 6 nd\u00ebrkoh\u00eb shfaqen e edhe problemet e para sh\u00ebndet\u00ebsore t\u00eb grevist\u00ebt.<\/p>\n<p>Dy grevist\u00ebt jan\u00eb duke marr\u00eb mjekim. Ata jan\u00eb shprehur se kan\u00eb borxhe familje shum\u00eb t\u00eb larta.<\/p>\n<p>Ata jan\u00eb futur n\u00eb grev\u00eb pasi kan\u00eb 27 paga t\u00eb prapambetura. Ata thon\u00eb se u detyruan t\u00eb nd\u00ebrmarrin k\u00ebt\u00eb akt ekstrem p\u00ebr shkak t\u00eb neglizhenc\u00ebs s\u00eb autoriteteve.<\/p>\n<p>Punonj\u00ebsit jan\u00eb ngujuar brenda stacionit kur p\u00ebr m\u00eb shum\u00eb se 2 vjet kan\u00eb punuar pa paguar, vet\u00ebm t\u00eb detyruar nga ligji q\u00eb i d\u00ebnon n\u00eb rast se e braktisin.<\/p>\n<p>Jan\u00eb m\u00eb shum\u00eb se 850 naft\u00ebtar\u00eb, punonj\u00ebs t\u00eb n\u00ebnstacionit t\u00eb pompimit dhe zjarrfik\u00ebs n\u00ebn var\u00ebsi t\u00eb uzin\u00ebs s\u00eb Ballshit q\u00eb nuk paguhen.<\/p>\n<p>Kompania private q\u00eb administron rafinerin\u00eb thot\u00eb se ka pezulluar pun\u00ebn p\u00ebr shkak t\u00eb mos furnizimit me naft\u00eb bruto nga Bankers Petroleum.<\/p>\n","protected":false},"excerpt":{"rendered":"<p>\u00cbsht\u00eb r\u00ebnduar gjendja e dy punonj\u00ebsve t\u00eb n\u00ebnstacionit elektrik dhe pompimit n\u00eb Po\u00e7em q\u00eb jan\u00eb n\u00eb grev\u00eb. Greva e punonj\u00ebsve t\u00eb n\u00ebnstacionit n\u00eb Po\u00e7em jan\u00eb futur n\u00eb dit\u00ebn e 6 nd\u00ebrkoh\u00eb shfaqen e edhe problemet e para sh\u00ebndet\u00ebsore t\u00eb grevist\u00ebt. Dy grevist\u00ebt jan\u00eb duke marr\u00eb mjekim. Ata jan\u00eb shprehur se kan\u00eb borxhe familje shum\u00eb t\u00eb [&hellip;]<\/p>\n","protected":false},"author":2013,"featured_media":121754,"comment_status":"open","ping_status":"closed","sticky":false,"template":"","format":"standard","meta":{"footnotes":""},"categories":[241,235],"tags":[],"class_list":{"0":"post-122267","1":"post","2":"type-post","3":"status-publish","4":"format-standard","5":"has-post-thumbnail","7":"category-aktualitet","8":"category-vendi"},"_links":{"self":[{"href":"https:\/\/zjarr.tv\/sq\/wp-json\/wp\/v2\/posts\/122267","targetHints":{"allow":["GET"]}}],"collection":[{"href":"https:\/\/zjarr.tv\/sq\/wp-json\/wp\/v2\/posts"}],"about":[{"href":"https:\/\/zjarr.tv\/sq\/wp-json\/wp\/v2\/types\/post"}],"author":[{"embeddable":true,"href":"https:\/\/zjarr.tv\/sq\/wp-json\/wp\/v2\/users\/2013"}],"replies":[{"embeddable":true,"href":"https:\/\/zjarr.tv\/sq\/wp-json\/wp\/v2\/comments?post=122267"}],"version-history":[{"count":0,"href":"https:\/\/zjarr.tv\/sq\/wp-json\/wp\/v2\/posts\/122267\/revisions"}],"wp:featuredmedia":[{"embeddable":true,"href":"https:\/\/zjarr.tv\/sq\/wp-json\/wp\/v2\/media\/121754"}],"wp:attachment":[{"href":"https:\/\/zjarr.tv\/sq\/wp-json\/wp\/v2\/media?parent=122267"}],"wp:term":[{"taxonomy":"category","embeddable":true,"href":"https:\/\/zjarr.tv\/sq\/wp-json\/wp\/v2\/categories?post=122267"},{"taxonomy":"post_tag","embeddable":true,"href":"https:\/\/zjarr.tv\/sq\/wp-json\/wp\/v2\/tags?post=122267"}],"curies":[{"name":"wp","href":"https:\/\/api.w.org\/{rel}","templated":true}]}}