{"id":122269,"date":"2020-02-18T13:04:01","date_gmt":"2020-02-18T12:04:01","guid":{"rendered":"https:\/\/zjarr.tv\/?p=122269"},"modified":"2020-02-18T13:04:01","modified_gmt":"2020-02-18T12:04:01","slug":"ministri-i-jashtem-ne-detyre-gent-cakaj-do-te-zhvilloje-neser-nje-vizite-zyrtare-ne-kosove","status":"publish","type":"post","link":"https:\/\/zjarr.tv\/sq\/ministri-i-jashtem-ne-detyre-gent-cakaj-do-te-zhvilloje-neser-nje-vizite-zyrtare-ne-kosove\/","title":{"rendered":"Ministri i Jasht\u00ebm n\u00eb detyr\u00eb Gent Cakaj do t\u00eb zhvilloj\u00eb nes\u00ebr nj\u00eb vizit\u00eb zyrtare n\u00eb Kosov\u00eb"},"content":{"rendered":"<p>Ministri i Jasht\u00ebm n\u00eb detyr\u00eb Gent Cakaj do t\u00eb zhvilloj\u00eb nj\u00eb vizit\u00eb zyrtare dit\u00ebn e nes\u00ebrme n\u00eb Kosov\u00eb.<\/p>\n<p>Lajmin e ka b\u00ebr\u00eb ministria e Jashtme p\u00ebr Evrop\u00ebn dhe Pun\u00ebt e Jashtme<\/p>\n<p><strong>Ministria e Jashtme:<\/strong>\u00a0<em>Nes\u00ebr, 19 Shkurt 2020, Ministri n\u00eb Detyr\u00eb p\u00ebr Evrop\u00ebn dhe Pun\u00ebt e Jashtme, Gent Cakaj, do t\u00eb zhvilloj\u00eb nj\u00eb vizit\u00eb zyrtare n\u00eb Kosov\u00eb. Lajmet dhe materialet do t\u00eb p\u00ebrcillen tek ju nga Ministria p\u00ebr Evrop\u00ebn dhe Pun\u00ebt e Jashtme.<\/em><\/p>\n","protected":false},"excerpt":{"rendered":"<p>Ministri i Jasht\u00ebm n\u00eb detyr\u00eb Gent Cakaj do t\u00eb zhvilloj\u00eb nj\u00eb vizit\u00eb zyrtare dit\u00ebn e nes\u00ebrme n\u00eb Kosov\u00eb. Lajmin e ka b\u00ebr\u00eb ministria e Jashtme p\u00ebr Evrop\u00ebn dhe Pun\u00ebt e Jashtme Ministria e Jashtme:\u00a0Nes\u00ebr, 19 Shkurt 2020, Ministri n\u00eb Detyr\u00eb p\u00ebr Evrop\u00ebn dhe Pun\u00ebt e Jashtme, Gent Cakaj, do t\u00eb zhvilloj\u00eb nj\u00eb vizit\u00eb zyrtare n\u00eb [&hellip;]<\/p>\n","protected":false},"author":2013,"featured_media":107544,"comment_status":"open","ping_status":"closed","sticky":false,"template":"","format":"standard","meta":{"footnotes":""},"categories":[241,235],"tags":[],"class_list":{"0":"post-122269","1":"post","2":"type-post","3":"status-publish","4":"format-standard","5":"has-post-thumbnail","7":"category-aktualitet","8":"category-vendi"},"_links":{"self":[{"href":"https:\/\/zjarr.tv\/sq\/wp-json\/wp\/v2\/posts\/122269","targetHints":{"allow":["GET"]}}],"collection":[{"href":"https:\/\/zjarr.tv\/sq\/wp-json\/wp\/v2\/posts"}],"about":[{"href":"https:\/\/zjarr.tv\/sq\/wp-json\/wp\/v2\/types\/post"}],"author":[{"embeddable":true,"href":"https:\/\/zjarr.tv\/sq\/wp-json\/wp\/v2\/users\/2013"}],"replies":[{"embeddable":true,"href":"https:\/\/zjarr.tv\/sq\/wp-json\/wp\/v2\/comments?post=122269"}],"version-history":[{"count":0,"href":"https:\/\/zjarr.tv\/sq\/wp-json\/wp\/v2\/posts\/122269\/revisions"}],"wp:featuredmedia":[{"embeddable":true,"href":"https:\/\/zjarr.tv\/sq\/wp-json\/wp\/v2\/media\/107544"}],"wp:attachment":[{"href":"https:\/\/zjarr.tv\/sq\/wp-json\/wp\/v2\/media?parent=122269"}],"wp:term":[{"taxonomy":"category","embeddable":true,"href":"https:\/\/zjarr.tv\/sq\/wp-json\/wp\/v2\/categories?post=122269"},{"taxonomy":"post_tag","embeddable":true,"href":"https:\/\/zjarr.tv\/sq\/wp-json\/wp\/v2\/tags?post=122269"}],"curies":[{"name":"wp","href":"https:\/\/api.w.org\/{rel}","templated":true}]}}