{"id":122287,"date":"2020-02-18T15:20:52","date_gmt":"2020-02-18T14:20:52","guid":{"rendered":"https:\/\/zjarr.tv\/?p=122287"},"modified":"2020-02-18T15:20:52","modified_gmt":"2020-02-18T14:20:52","slug":"basha-rama-po-ben-grusht-te-paster-shteti-rotacioni-i-pandalshem","status":"publish","type":"post","link":"https:\/\/zjarr.tv\/sq\/basha-rama-po-ben-grusht-te-paster-shteti-rotacioni-i-pandalshem\/","title":{"rendered":"Basha: Rama po b\u00ebn grusht t\u00eb past\u00ebr shteti. Rotacioni i pandalsh\u00ebm"},"content":{"rendered":"<p>Pak pas p\u00ebrfundimit t\u00eb takimit me aleat\u00ebt, kryetari i PD-s\u00eb Lulzim Basha deklaroi p\u00ebr mediat se vendi rrezikohet nga nj\u00eb grusht shteti.<\/p>\n<p>Teksa dha detaje nga takimi me presidentin Ilir Meta, Basha ishte n\u00eb t\u00eb nj\u00ebjt\u00ebn linj\u00eb me kreun e shtetit.<\/p>\n<p>Basha theksoi se maxhoranca po tenton q\u00eb t\u00eb kap\u00eb Gjykat\u00ebn Kushtetuese. Mes t\u00eb tjerash ai foli p\u00ebr nj\u00eb bashkim dhe rezistenc\u00eb t\u00eb madhe nga qytetar\u00ebt.<\/p>\n<p>\u2018Presidenti i Republik\u00ebs m\u00eb ka njohur me t\u00eb tjera fakte dhe prova trondit\u00ebse t\u00eb p\u00ebrfshirjes s\u00eb personave t\u00eb maxhoranc\u00ebs n\u00eb gjykat\u00ebn kushtetuese. Kapja e Kushtetueses \u00ebsht\u00eb objektiv i Ram\u00ebs. Atij i duhet p\u00ebr t\u00eb mbrojtur kriminel\u00ebt dhe p\u00ebr t\u00eb mbrojtur pushtetin e paligjsh\u00ebm.\u2019, tha Basha.<\/p>\n<p>Kryetari i opozit\u00ebs Lulzim Basha theksoi se \u201cne do t\u00eb vazhdojm\u00eb bashk\u00ebbisedimin me qytetar\u00ebt dhe pastaj do t\u00eb shpalosim\u00a0ofert\u00ebn ton\u00eb.<\/p>\n<p>Por, nuk ka forc\u00eb mbi k\u00ebt\u00eb dhe q\u00eb do ta ndal\u00eb rotacionin. Edi Rama i ka b\u00ebr\u00eb hesapet gabim. Nuk ka forc\u00eb mbi tok\u00eb q\u00eb ta ndal\u00eb rotacionin. Un\u00eb mbetem i p\u00ebrkushtuar q\u00eb kjo t\u00eb vij\u00eb pa kosto p\u00ebr shqiptar\u00ebt dhe do t\u00eb b\u00ebj gjith\u00e7ka q\u00eb kjo t\u00eb vij\u00eb me koston m\u00eb t\u00eb vog\u00ebl p\u00ebr shqiptar\u00ebt.\u201d<\/p>\n<p>I pyetur nga mediat p\u00ebr takimin q\u00eb pati me Presidentin dhe \u201cgrushtin e shtetit\u201d p\u00ebrgatitur nga mazhoranca, Basha tha se ky nuk \u00ebsht\u00eb nj\u00eb zhvillim surpriz\u00eb, por ndodh n\u00eb kushtet e nj\u00eb vendi me demokraci t\u00eb asgjesuar. Ndaj dua t\u00eb konfirmoj vendosm\u00ebrin\u00eb ton\u00eb p\u00ebr t\u00eb ndjekur pik\u00eb p\u00ebr pik\u00eb udh\u00ebrr\u00ebfyesin gjerman p\u00ebr t\u00eb dal\u00eb nga kriza, zgjedhje t\u00eb lira dhe t\u00eb ndershme<\/p>\n<p>P\u00ebr ne ky parlament \u00ebsht\u00eb shp\u00ebrndar\u00eb m\u00eb 18 shkurt 2019. \u00c7do vendim i marr\u00eb prej tij \u00ebsht\u00eb nul. Tani ne jemi t\u00eb orientuar nga zgjidhja dhe kjo zgjidhje nuk \u00ebsht\u00eb thjesht kalkulim i partis\u00eb sime.<\/p>\n<p>Rotacioni \u00ebsht\u00eb i pashmangsh\u00ebm. Nuk do t\u00eb k\u00ebt\u00eb forc\u00eb mbi tok\u00eb q\u00eb do ta ndal\u00eb ardhjen n\u00eb pushtet t\u00eb opozit\u00ebs s\u00eb bashkuar me vot\u00ebn e qytetar\u00ebve.<\/p>\n<p>9 pikat e Bundestagut jan\u00eb t\u00eb panegociueshme. Ne nuk do t\u00eb ndalojm\u00eb para asnj\u00eb force.<\/p>\n<p>Ne do t\u00eb vazhdojm\u00eb bashk\u00ebbisedimin me qytetar\u00ebt dhe pastaj do t\u00eb shpalosim ofert\u00ebn ton\u00eb.<\/p>\n<p>Nuk ka forc\u00eb mbi k\u00ebt\u00eb dhe q\u00eb do ta ndal\u00eb rotacionin.<\/p>\n<p>Edi Rama i ka b\u00ebr\u00eb hesapet gabim.<\/p>\n<p>Nuk ka forc\u00eb mbi tok\u00eb q\u00eb ta ndal\u00eb rotacionin.<\/p>\n<p>Un\u00eb mbetem i p\u00ebrkushtuar q\u00eb kjo t\u00eb vij\u00eb pa kosto p\u00ebr shqiptar\u00ebt dhe do t\u00eb b\u00ebj gjith\u00e7ka q\u00eb kjo t\u00eb vij\u00eb pa me koston m\u00eb t\u00eb vog\u00ebl p\u00ebr shqiptar\u00ebt.&#8221;<\/p>\n","protected":false},"excerpt":{"rendered":"<p>Pak pas p\u00ebrfundimit t\u00eb takimit me aleat\u00ebt, kryetari i PD-s\u00eb Lulzim Basha deklaroi p\u00ebr mediat se vendi rrezikohet nga nj\u00eb grusht shteti. Teksa dha detaje nga takimi me presidentin Ilir Meta, Basha ishte n\u00eb t\u00eb nj\u00ebjt\u00ebn linj\u00eb me kreun e shtetit. Basha theksoi se maxhoranca po tenton q\u00eb t\u00eb kap\u00eb Gjykat\u00ebn Kushtetuese. Mes t\u00eb tjerash [&hellip;]<\/p>\n","protected":false},"author":2013,"featured_media":105672,"comment_status":"open","ping_status":"closed","sticky":false,"template":"","format":"standard","meta":{"footnotes":""},"categories":[241,235],"tags":[],"class_list":{"0":"post-122287","1":"post","2":"type-post","3":"status-publish","4":"format-standard","5":"has-post-thumbnail","7":"category-aktualitet","8":"category-vendi"},"_links":{"self":[{"href":"https:\/\/zjarr.tv\/sq\/wp-json\/wp\/v2\/posts\/122287","targetHints":{"allow":["GET"]}}],"collection":[{"href":"https:\/\/zjarr.tv\/sq\/wp-json\/wp\/v2\/posts"}],"about":[{"href":"https:\/\/zjarr.tv\/sq\/wp-json\/wp\/v2\/types\/post"}],"author":[{"embeddable":true,"href":"https:\/\/zjarr.tv\/sq\/wp-json\/wp\/v2\/users\/2013"}],"replies":[{"embeddable":true,"href":"https:\/\/zjarr.tv\/sq\/wp-json\/wp\/v2\/comments?post=122287"}],"version-history":[{"count":0,"href":"https:\/\/zjarr.tv\/sq\/wp-json\/wp\/v2\/posts\/122287\/revisions"}],"wp:featuredmedia":[{"embeddable":true,"href":"https:\/\/zjarr.tv\/sq\/wp-json\/wp\/v2\/media\/105672"}],"wp:attachment":[{"href":"https:\/\/zjarr.tv\/sq\/wp-json\/wp\/v2\/media?parent=122287"}],"wp:term":[{"taxonomy":"category","embeddable":true,"href":"https:\/\/zjarr.tv\/sq\/wp-json\/wp\/v2\/categories?post=122287"},{"taxonomy":"post_tag","embeddable":true,"href":"https:\/\/zjarr.tv\/sq\/wp-json\/wp\/v2\/tags?post=122287"}],"curies":[{"name":"wp","href":"https:\/\/api.w.org\/{rel}","templated":true}]}}