{"id":122293,"date":"2020-02-18T15:23:50","date_gmt":"2020-02-18T14:23:50","guid":{"rendered":"https:\/\/zjarr.tv\/?p=122293"},"modified":"2020-02-18T15:23:50","modified_gmt":"2020-02-18T14:23:50","slug":"neser-ne-ora-18-00-tek-tetari-kombetar-konkursi-mbarekombetar-per-monumentin-e-levizjes-studentore","status":"publish","type":"post","link":"https:\/\/zjarr.tv\/sq\/neser-ne-ora-18-00-tek-tetari-kombetar-konkursi-mbarekombetar-per-monumentin-e-levizjes-studentore\/","title":{"rendered":"N\u00ebser n\u00eb ora 18.00, tek Tetari Komb\u00ebtar\/ Konkursi Mbar\u00ebkomb\u00ebtar p\u00ebr Monumentin e L\u00ebvizjes Studentore"},"content":{"rendered":"<p>Stud\u00ebnt\u00eb t\u00eb dhjetorit q\u00eb kan\u00eb qen\u00eb pjes\u00eb e l\u00ebvizjes s\u00eb fuqishme q\u00eb hodhi p\u00ebrtok\u00eb diktatur\u00ebn kan\u00eb njoftuar se do t\u00eb zhvillohet nj\u00eb takim tek sheshi pran\u00eb Teatrit Komb\u00ebtar n\u00eb Tiran\u00eb.<\/p>\n<p>\u201cMe 20 Shkurt 2020, ora 18:00 ju ftojm\u00eb t\u00eb mblidhemi s\u00eb bashku n\u00eb sheshin para Teatrit Komb\u00ebtar p\u00ebr shpalljen e Konkursit Mbar\u00ebkomb\u00ebtar p\u00ebr Monumentin e L\u00ebvizjes Studentore dhe Qytetare p\u00ebr Demokraci:, thuhet n\u00eb njoftimin e shp\u00ebrndar\u00eb n\u00eb rrjetet sociale.<\/p>\n<p><strong>Ja njoftimi i plot\u00eb:<\/strong><\/p>\n<p>N\u00eb kuad\u00ebr t\u00eb 30 vjetorit t\u00eb L\u00ebvizjes Studentore t\u00eb 1990-\u00ebs, k\u00ebt\u00eb vit po realizohen disa aktivitete p\u00ebr t\u00eb respektuar vepr\u00ebn, por edhe p\u00ebr t\u00eb kujtuar q\u00eb misioni mbeti i pap\u00ebrmbushur plot\u00ebsisht.<\/p>\n<p>Me 20 Shkurt 2020, ora 18:00 ju ftojm\u00eb t\u00eb mblidhemi s\u00eb bashku n\u00eb sheshin para Teatrit Komb\u00ebtar p\u00ebr shpalljen e Konkursit Mbar\u00ebkomb\u00ebtar p\u00ebr Monumentin e L\u00ebvizjes Studentore dhe Qytetare p\u00ebr Demokraci.<\/p>\n<p>Greva e Uris\u00eb s\u00eb 723 student\u00ebve n\u00eb vitin 1991 \u00e7oi n\u00eb rr\u00ebzimin e monumentit dhe heqjen e emrit t\u00eb diktatorit nga Universiteti i Tiran\u00ebs, por nuk kemi respektuar ende guximtaret dhe heronjt\u00eb me ndonj\u00eb momument p\u00ebr k\u00ebt\u00eb ngjarje.<\/p>\n<p>L\u00ebvizja Studentore pati sukses se iu bashkuan qytetar\u00ebt si uragan dhe do t\u00eb piqemi n\u00eb sheshin para teatrit p\u00ebr t\u00eb treguar se misioni vazhdon, se p\u00ebrballja me pushtetin korruptues del e suksesshme n\u00ebse qytetar\u00ebt bashkohen dhe p\u00ebrballen me regjimin. Eja t\u00eb respektojm\u00eb dhe t\u00eb vijojm\u00eb misionin.<\/p>\n<div id=\"rekl-42\"><\/div>\n","protected":false},"excerpt":{"rendered":"<p>Stud\u00ebnt\u00eb t\u00eb dhjetorit q\u00eb kan\u00eb qen\u00eb pjes\u00eb e l\u00ebvizjes s\u00eb fuqishme q\u00eb hodhi p\u00ebrtok\u00eb diktatur\u00ebn kan\u00eb njoftuar se do t\u00eb zhvillohet nj\u00eb takim tek sheshi pran\u00eb Teatrit Komb\u00ebtar n\u00eb Tiran\u00eb. \u201cMe 20 Shkurt 2020, ora 18:00 ju ftojm\u00eb t\u00eb mblidhemi s\u00eb bashku n\u00eb sheshin para Teatrit Komb\u00ebtar p\u00ebr shpalljen e Konkursit Mbar\u00ebkomb\u00ebtar p\u00ebr Monumentin e [&hellip;]<\/p>\n","protected":false},"author":2013,"featured_media":122294,"comment_status":"open","ping_status":"closed","sticky":false,"template":"","format":"standard","meta":{"footnotes":""},"categories":[241,235],"tags":[],"class_list":{"0":"post-122293","1":"post","2":"type-post","3":"status-publish","4":"format-standard","5":"has-post-thumbnail","7":"category-aktualitet","8":"category-vendi"},"_links":{"self":[{"href":"https:\/\/zjarr.tv\/sq\/wp-json\/wp\/v2\/posts\/122293","targetHints":{"allow":["GET"]}}],"collection":[{"href":"https:\/\/zjarr.tv\/sq\/wp-json\/wp\/v2\/posts"}],"about":[{"href":"https:\/\/zjarr.tv\/sq\/wp-json\/wp\/v2\/types\/post"}],"author":[{"embeddable":true,"href":"https:\/\/zjarr.tv\/sq\/wp-json\/wp\/v2\/users\/2013"}],"replies":[{"embeddable":true,"href":"https:\/\/zjarr.tv\/sq\/wp-json\/wp\/v2\/comments?post=122293"}],"version-history":[{"count":0,"href":"https:\/\/zjarr.tv\/sq\/wp-json\/wp\/v2\/posts\/122293\/revisions"}],"wp:featuredmedia":[{"embeddable":true,"href":"https:\/\/zjarr.tv\/sq\/wp-json\/wp\/v2\/media\/122294"}],"wp:attachment":[{"href":"https:\/\/zjarr.tv\/sq\/wp-json\/wp\/v2\/media?parent=122293"}],"wp:term":[{"taxonomy":"category","embeddable":true,"href":"https:\/\/zjarr.tv\/sq\/wp-json\/wp\/v2\/categories?post=122293"},{"taxonomy":"post_tag","embeddable":true,"href":"https:\/\/zjarr.tv\/sq\/wp-json\/wp\/v2\/tags?post=122293"}],"curies":[{"name":"wp","href":"https:\/\/api.w.org\/{rel}","templated":true}]}}