{"id":122312,"date":"2020-02-18T16:58:20","date_gmt":"2020-02-18T15:58:20","guid":{"rendered":"https:\/\/zjarr.tv\/?p=122312"},"modified":"2020-02-18T16:58:20","modified_gmt":"2020-02-18T15:58:20","slug":"masakra-me-5-viktima-ne-familjen-shqiptare","status":"publish","type":"post","link":"https:\/\/zjarr.tv\/sq\/masakra-me-5-viktima-ne-familjen-shqiptare\/","title":{"rendered":"Masakra me 5 viktima n\u00eb familjen shqiptare"},"content":{"rendered":"<p>Gjilani u trondit dit\u00ebn e sotme nga nj\u00eb ngjarje e r\u00ebnd\u00eb, ky dyshohet se punonj\u00ebsja e policis\u00eb, Valdete Bllaca, ka vrar\u00eb prind\u00ebrit dhe dy v\u00ebllez\u00ebrit e m\u00eb pas edhe vet\u00ebn<\/p>\n<p>E dyshuara, sipas d\u00ebshmitar\u00ebve nuk ka qen\u00eb person problematik.Ata jan\u00eb shprehur p\u00ebr lajmi.net kan\u00eb treguar se asnj\u00ebri nga v\u00ebllez\u00ebrit, madje as Valdetja nuk ka qen\u00eb e martuar.<\/p>\n<div id=\"rekl-13\">\n<div id=\"__sap-ad-15\" class=\"__sap-ads __sap-html tracked\" data-title=\"Credins desktop Brenda lajmit 08\"><ins><\/p>\n<div id=\"beacon_454a9b2778\"><img loading=\"lazy\" decoding=\"async\" src=\"https:\/\/ads1.medium.al\/www\/delivery\/lg.php?bannerid=522&amp;campaignid=76&amp;zoneid=232&amp;loc=https%3A%2F%2Fwww.syri.net%2Fkronike%2F316885%2Fpolicja-vrau-vetem-vellane-e-madh-detaje-te-reja-nga-masakra-me-5-viktima-ne-familjen-shqiptare%2F&amp;referer=https%3A%2F%2Fwww.syri.net%2Flajme%2F&amp;cb=454a9b2778\" alt=\"\" width=\"0\" height=\"0\" \/>Sipas disa versioneve q\u00eb po qarkullojn\u00eb nga t\u00eb af\u00ebrmit, v\u00ebllai i madh ka q\u00eblluar me arm\u00eb fillimisht babin dhe n\u00ebn\u00ebn, e po ashtu v\u00ebllan\u00eb e vog\u00ebl.<\/div>\n<p><\/ins><\/div>\n<\/div>\n<p>Tutje, Valdete Bllaca m\u00eb pas ka sht\u00ebn\u00eb mbi v\u00ebllan\u00eb e madh dhe veten.<\/p>\n","protected":false},"excerpt":{"rendered":"<p>Gjilani u trondit dit\u00ebn e sotme nga nj\u00eb ngjarje e r\u00ebnd\u00eb, ky dyshohet se punonj\u00ebsja e policis\u00eb, Valdete Bllaca, ka vrar\u00eb prind\u00ebrit dhe dy v\u00ebllez\u00ebrit e m\u00eb pas edhe vet\u00ebn E dyshuara, sipas d\u00ebshmitar\u00ebve nuk ka qen\u00eb person problematik.Ata jan\u00eb shprehur p\u00ebr lajmi.net kan\u00eb treguar se asnj\u00ebri nga v\u00ebllez\u00ebrit, madje as Valdetja nuk ka qen\u00eb [&hellip;]<\/p>\n","protected":false},"author":2013,"featured_media":122313,"comment_status":"open","ping_status":"closed","sticky":false,"template":"","format":"standard","meta":{"footnotes":""},"categories":[241,235],"tags":[],"class_list":{"0":"post-122312","1":"post","2":"type-post","3":"status-publish","4":"format-standard","5":"has-post-thumbnail","7":"category-aktualitet","8":"category-vendi"},"_links":{"self":[{"href":"https:\/\/zjarr.tv\/sq\/wp-json\/wp\/v2\/posts\/122312","targetHints":{"allow":["GET"]}}],"collection":[{"href":"https:\/\/zjarr.tv\/sq\/wp-json\/wp\/v2\/posts"}],"about":[{"href":"https:\/\/zjarr.tv\/sq\/wp-json\/wp\/v2\/types\/post"}],"author":[{"embeddable":true,"href":"https:\/\/zjarr.tv\/sq\/wp-json\/wp\/v2\/users\/2013"}],"replies":[{"embeddable":true,"href":"https:\/\/zjarr.tv\/sq\/wp-json\/wp\/v2\/comments?post=122312"}],"version-history":[{"count":0,"href":"https:\/\/zjarr.tv\/sq\/wp-json\/wp\/v2\/posts\/122312\/revisions"}],"wp:featuredmedia":[{"embeddable":true,"href":"https:\/\/zjarr.tv\/sq\/wp-json\/wp\/v2\/media\/122313"}],"wp:attachment":[{"href":"https:\/\/zjarr.tv\/sq\/wp-json\/wp\/v2\/media?parent=122312"}],"wp:term":[{"taxonomy":"category","embeddable":true,"href":"https:\/\/zjarr.tv\/sq\/wp-json\/wp\/v2\/categories?post=122312"},{"taxonomy":"post_tag","embeddable":true,"href":"https:\/\/zjarr.tv\/sq\/wp-json\/wp\/v2\/tags?post=122312"}],"curies":[{"name":"wp","href":"https:\/\/api.w.org\/{rel}","templated":true}]}}