{"id":122328,"date":"2020-02-19T11:10:35","date_gmt":"2020-02-19T10:10:35","guid":{"rendered":"https:\/\/zjarr.tv\/?p=122328"},"modified":"2020-02-19T11:10:35","modified_gmt":"2020-02-19T10:10:35","slug":"ambasadorja-yuri-kim-takim-me-shqiptaret-e-amerikes","status":"publish","type":"post","link":"https:\/\/zjarr.tv\/sq\/ambasadorja-yuri-kim-takim-me-shqiptaret-e-amerikes\/","title":{"rendered":"Ambasadorja Yuri Kim, takim me shqiptar\u00ebt e Amerik\u00ebs"},"content":{"rendered":"<p><strong>NEW YORK :<\/strong>\u00a0Ambasadorja e Presidenti Donald Trump n\u00eb Tiran\u00eb &#8211; Yuri Kim, e cila ka marr\u00eb postin n\u00eb nj\u00eb pozit\u00eb ky\u00e7e n\u00eb administrat\u00ebn e tij- mbas debatit t\u00eb Senatit me Katheelin Kavalec, nes\u00ebr \u00ebsht\u00eb n\u00eb New York, ku pritet t\u00eb takohet me nj\u00eb grup t\u00eb \u00ab p\u00ebrzgjedhur \u00bb veprimtar\u00ebsh t\u00eb komunitetit shqiptar n\u00eb nj\u00eb takim pa pranin\u00eb e gazetarve (of the records). K\u00ebshtu njofton gazetari Beqir Sina nga New York.<\/p>\n<p>Sipas Sin\u00ebs,\u00a0<strong>&#8220;<\/strong>ky takim q\u00eb duhet t\u00eb ishte mbajtur me komunitetin shqiptar simbas praktik\u00ebs s\u00eb diplomacis\u00eb amerikane para se ajo t\u00eb shkonte n\u00eb vendin e miratuar &#8211; po mbahet nes\u00ebr , ku edhe \u00ebsht\u00eb caktuar vendi i takimit , t\u00eb ftuarit dhe \u00ebsht\u00eb caktuar edhe formati i takimit .P\u00ebrve\u00e7se thuhet se pyetjet jan\u00eb t\u00eb lira!<\/p>\n<p>Yuri Kim me origjin nga Guama e mori k\u00ebt\u00eb detyr\u00eb mbasi ishte Kongresi amerikan ai q\u00eb e kishte bllokuar vitin e kaluar kandidatur\u00ebn e Kathleen Ann Kavalec p\u00ebr pozicionin e Ambasadores s\u00eb SHBA-s\u00eb n\u00eb Shqip\u00ebri.<\/p>\n<p>Takimin e saj me komunitetin e cakton Departamenti Amerikan i Shtetit.<\/p>\n<p>Kim \u00ebsht\u00eb nj\u00eb an\u00ebtare e karrier\u00ebs n\u00eb Sh\u00ebrbimin e Lart\u00eb t\u00eb Jasht\u00ebm, klas\u00eb e K\u00ebshilltarit dhe ka sh\u00ebrbyer n\u00eb Departamentin e Shtetit si Drejtor i Zyr\u00ebs s\u00eb \u00c7\u00ebshtjeve t\u00eb Evrop\u00ebs Jugore. M\u00eb her\u00ebt, ajo ishte drejtoresh\u00eb e Qendr\u00ebs s\u00eb Departamentit t\u00eb Shtetit p\u00ebr Studimin e Diplomacis\u00eb, Shefe e Shtabit t\u00eb Z\u00ebvend\u00ebssekretarit t\u00eb Shtetit dhe Drejtore e Zyr\u00ebs s\u00eb Siguris\u00eb Evropiane dhe \u00c7\u00ebshtjeve Politike-Ushtarake.<\/p>\n<p>Ajo ka sh\u00ebrbyer gjithashtu si Asistente Speciale e Ndihm\u00ebs Sekretarit t\u00eb Shtetit p\u00ebr \u00c7\u00ebshtjet e Azis\u00eb Lindore dhe Paq\u00ebsorit dhe si nj\u00eb an\u00ebtare e delegacionit t\u00eb Shteteve t\u00eb Bashkuara n\u00eb bisedimet gjasht\u00ebpartiake p\u00ebr t\u2019i dh\u00ebn\u00eb fund programit b\u00ebrthamor t\u00eb Kores\u00eb s\u00eb Veriut.<\/p>\n<p>Ajo gjithashtu sh\u00ebrbeu si K\u00ebshilltare Politike n\u00eb Ambasad\u00ebn e Shteteve t\u00eb Bashkuara n\u00eb Bagdad, Irak, dhe m\u00eb pas n\u00eb Ambasad\u00ebn e Shteteve t\u00eb Bashkuara n\u00eb Ankara t\u00eb Turqis\u00eb.<\/p>\n<p>Kim fitoi nj\u00eb B.A. nga Universiteti i Pensilvanis\u00eb dhe nj\u00eb M.Phil. nga Universiteti i Kembrixhit. Ajo flet gjuh\u00ebn koreane, kineze (mandarin), japoneze dhe turke.&#8221;<\/p>\n","protected":false},"excerpt":{"rendered":"<p>NEW YORK :\u00a0Ambasadorja e Presidenti Donald Trump n\u00eb Tiran\u00eb &#8211; Yuri Kim, e cila ka marr\u00eb postin n\u00eb nj\u00eb pozit\u00eb ky\u00e7e n\u00eb administrat\u00ebn e tij- mbas debatit t\u00eb Senatit me Katheelin Kavalec, nes\u00ebr \u00ebsht\u00eb n\u00eb New York, ku pritet t\u00eb takohet me nj\u00eb grup t\u00eb \u00ab p\u00ebrzgjedhur \u00bb veprimtar\u00ebsh t\u00eb komunitetit shqiptar n\u00eb nj\u00eb takim [&hellip;]<\/p>\n","protected":false},"author":2013,"featured_media":121308,"comment_status":"open","ping_status":"closed","sticky":false,"template":"","format":"standard","meta":{"footnotes":""},"categories":[241,235],"tags":[],"class_list":{"0":"post-122328","1":"post","2":"type-post","3":"status-publish","4":"format-standard","5":"has-post-thumbnail","7":"category-aktualitet","8":"category-vendi"},"_links":{"self":[{"href":"https:\/\/zjarr.tv\/sq\/wp-json\/wp\/v2\/posts\/122328","targetHints":{"allow":["GET"]}}],"collection":[{"href":"https:\/\/zjarr.tv\/sq\/wp-json\/wp\/v2\/posts"}],"about":[{"href":"https:\/\/zjarr.tv\/sq\/wp-json\/wp\/v2\/types\/post"}],"author":[{"embeddable":true,"href":"https:\/\/zjarr.tv\/sq\/wp-json\/wp\/v2\/users\/2013"}],"replies":[{"embeddable":true,"href":"https:\/\/zjarr.tv\/sq\/wp-json\/wp\/v2\/comments?post=122328"}],"version-history":[{"count":0,"href":"https:\/\/zjarr.tv\/sq\/wp-json\/wp\/v2\/posts\/122328\/revisions"}],"wp:featuredmedia":[{"embeddable":true,"href":"https:\/\/zjarr.tv\/sq\/wp-json\/wp\/v2\/media\/121308"}],"wp:attachment":[{"href":"https:\/\/zjarr.tv\/sq\/wp-json\/wp\/v2\/media?parent=122328"}],"wp:term":[{"taxonomy":"category","embeddable":true,"href":"https:\/\/zjarr.tv\/sq\/wp-json\/wp\/v2\/categories?post=122328"},{"taxonomy":"post_tag","embeddable":true,"href":"https:\/\/zjarr.tv\/sq\/wp-json\/wp\/v2\/tags?post=122328"}],"curies":[{"name":"wp","href":"https:\/\/api.w.org\/{rel}","templated":true}]}}