{"id":122330,"date":"2020-02-19T12:15:56","date_gmt":"2020-02-19T11:15:56","guid":{"rendered":"https:\/\/zjarr.tv\/?p=122330"},"modified":"2020-02-19T12:15:56","modified_gmt":"2020-02-19T11:15:56","slug":"cakaj-kufiri-me-kosoven-duhet-te-hiqet-fare-te-krijojme-platforme-te-perbashket-politike","status":"publish","type":"post","link":"https:\/\/zjarr.tv\/sq\/cakaj-kufiri-me-kosoven-duhet-te-hiqet-fare-te-krijojme-platforme-te-perbashket-politike\/","title":{"rendered":"Cakaj: Kufiri me Kosov\u00ebn duhet t\u00eb hiqet fare, t\u00eb krijojm\u00eb platform\u00eb t\u00eb p\u00ebrbashk\u00ebt politike"},"content":{"rendered":"<p>Ministri n\u00eb Detyr\u00eb i Pun\u00ebve t\u00eb Jasht\u00ebm ndodhet n\u00eb Kosov\u00eb, ku po zhvillon nj\u00eb s\u00ebr\u00eb takimesh. Gjat\u00eb konferenc\u00ebs me homologun e Kosov\u00ebs, Glauk Konjufca, diplomati shqiptare vuri theksin te bashk\u00ebpunimi maksimal mes dy vendeve.<\/p>\n<p>Ai tha se kufiri Kosov\u00eb-Shqip\u00ebri duhet t\u00eb hiqet fare p\u00ebr t\u00eb gjith\u00eb qytetar\u00ebt e t\u00eb dyja vendeve.<\/p>\n<p>Sipas Cakajt, dy vendet duhet t\u00eb krijojn\u00eb nj\u00eb platform\u00eb t\u00eb p\u00ebrbashk\u00ebt politike.<\/p>\n<p><strong>Genc Cakaj<\/strong>:\u00a0<em>Kufiri mes dy vendeve nuk duhet t\u00eb ekzistoj\u00eb fare duhet t\u00eb hiqet menj\u00ebher\u00eb dhe vendet tona t\u00eb g\u00ebzojn\u00eb liri t\u00eb pakufizuar qarkullimi dhe mund\u00ebsi p\u00ebr nd\u00ebrveprim ekonomik.\u00a0<\/em><\/p>\n<p><em>Kosova dhe Shqip\u00ebria duhet t\u00eb l\u00ebvizin drejt nj\u00eb bashk\u00ebpunimi \u00a0t\u00eb zgjeruar. T\u00eb krijojm\u00eb nj\u00eb platform\u00eb t\u00eb p\u00ebrbashk\u00ebt politike. Politika e Kosov\u00ebs dhe Shqip\u00ebris\u00eb duhet t\u00eb ken\u00eb nj\u00eb qasje me synime komplementare. Deri tani bashk\u00ebpunimi ka qen\u00eb intensiv, por nga tani e tutje duhet t\u00eb kemi nj\u00eb bashk\u00ebpunim maksimal.\u00a0<\/em><\/p>\n<p>Cakaj tha se i ka propozuar ministrit t\u00eb Jasht\u00ebm t\u00eb Kosov\u00ebs dy marr\u00ebveshje.<\/p>\n<p><strong>Gent Cakaj:<\/strong>\u00a0<em>Marr\u00ebveshja e par\u00eb \u00ebsht\u00eb q\u00eb duhet t\u00eb mblidhemi t\u00eb firmosim nj\u00eb marr\u00ebveshje p\u00ebr ndarjen e shpenzime dhe detyrave n\u00eb nj\u00eb fushat\u00eb p\u00ebr lobimin e njohjes s\u00eb Kosov\u00ebs. Jemi t\u00eb gatsh\u00ebm p\u00ebr ta firmosur k\u00ebt\u00eb marr\u00ebveshje.\u00a0<\/em><\/p>\n<p><em>Marr\u00ebveshja e dyt\u00eb \u00ebsht\u00eb p\u00ebr transmetimin e p\u00ebrvojave n\u00eb procesin e screening, sa i takon procesit t\u00eb negociatave.\u00a0<\/em><\/p>\n","protected":false},"excerpt":{"rendered":"<p>Ministri n\u00eb Detyr\u00eb i Pun\u00ebve t\u00eb Jasht\u00ebm ndodhet n\u00eb Kosov\u00eb, ku po zhvillon nj\u00eb s\u00ebr\u00eb takimesh. Gjat\u00eb konferenc\u00ebs me homologun e Kosov\u00ebs, Glauk Konjufca, diplomati shqiptare vuri theksin te bashk\u00ebpunimi maksimal mes dy vendeve. Ai tha se kufiri Kosov\u00eb-Shqip\u00ebri duhet t\u00eb hiqet fare p\u00ebr t\u00eb gjith\u00eb qytetar\u00ebt e t\u00eb dyja vendeve. Sipas Cakajt, dy vendet [&hellip;]<\/p>\n","protected":false},"author":2013,"featured_media":122331,"comment_status":"open","ping_status":"closed","sticky":false,"template":"","format":"standard","meta":{"footnotes":""},"categories":[241,235],"tags":[],"class_list":{"0":"post-122330","1":"post","2":"type-post","3":"status-publish","4":"format-standard","5":"has-post-thumbnail","7":"category-aktualitet","8":"category-vendi"},"_links":{"self":[{"href":"https:\/\/zjarr.tv\/sq\/wp-json\/wp\/v2\/posts\/122330","targetHints":{"allow":["GET"]}}],"collection":[{"href":"https:\/\/zjarr.tv\/sq\/wp-json\/wp\/v2\/posts"}],"about":[{"href":"https:\/\/zjarr.tv\/sq\/wp-json\/wp\/v2\/types\/post"}],"author":[{"embeddable":true,"href":"https:\/\/zjarr.tv\/sq\/wp-json\/wp\/v2\/users\/2013"}],"replies":[{"embeddable":true,"href":"https:\/\/zjarr.tv\/sq\/wp-json\/wp\/v2\/comments?post=122330"}],"version-history":[{"count":0,"href":"https:\/\/zjarr.tv\/sq\/wp-json\/wp\/v2\/posts\/122330\/revisions"}],"wp:featuredmedia":[{"embeddable":true,"href":"https:\/\/zjarr.tv\/sq\/wp-json\/wp\/v2\/media\/122331"}],"wp:attachment":[{"href":"https:\/\/zjarr.tv\/sq\/wp-json\/wp\/v2\/media?parent=122330"}],"wp:term":[{"taxonomy":"category","embeddable":true,"href":"https:\/\/zjarr.tv\/sq\/wp-json\/wp\/v2\/categories?post=122330"},{"taxonomy":"post_tag","embeddable":true,"href":"https:\/\/zjarr.tv\/sq\/wp-json\/wp\/v2\/tags?post=122330"}],"curies":[{"name":"wp","href":"https:\/\/api.w.org\/{rel}","templated":true}]}}