{"id":122336,"date":"2020-02-19T12:18:24","date_gmt":"2020-02-19T11:18:24","guid":{"rendered":"https:\/\/zjarr.tv\/?p=122336"},"modified":"2020-02-19T12:18:24","modified_gmt":"2020-02-19T11:18:24","slug":"albin-kurti-do-te-zevendesojme-tarifen-100-me-serbine-ne-nuk-jemi-per-tarifa","status":"publish","type":"post","link":"https:\/\/zjarr.tv\/sq\/albin-kurti-do-te-zevendesojme-tarifen-100-me-serbine-ne-nuk-jemi-per-tarifa\/","title":{"rendered":"Albin Kurti: Do t\u00eb z\u00ebvend\u00ebsojm\u00eb tarif\u00ebn 100% me Serbin\u00eb, ne nuk jemi p\u00ebr tarifa"},"content":{"rendered":"<p>Kryeministri i Kosov\u00ebs Albin Kurti ka deklaruar sot se do t\u00eb heq\u00eb tarif\u00ebn 100% t\u00eb Kosov\u00ebs ndaj Serbis\u00eb n\u00eb Konvent\u00ebn me Prodhuesit e Kosov\u00ebs.<\/p>\n<p>Kurti shprehimisht tha se \u201cDo t\u00eb z\u00ebvend\u00ebsojm\u00eb tarif\u00ebn 100% dhe do t\u00eb zbatojm\u00eb reciprocitetin e plot\u00eb tregtar me Serbin\u00eb sikurse me secilin shtet. Tarifa ka qen\u00eb vendim i qeveris\u00eb s\u00eb kaluar. Ne nuk jemi p\u00ebr tarifa si mas\u00eb nd\u00ebshkuese ndaj konsumatorit por p\u00ebr reciprocitet si mas\u00eb mbrojt\u00ebse ndaj prodhuesve.<\/p>\n<p>Produktet q\u00eb prodhohen n\u00eb Kosov\u00eb e t\u00eb cilat i n\u00ebnshtrohen praktikave dhe konkurrenc\u00ebs jolojale do t\u00eb mbrohen.<\/p>\n<p>Parimet e reciprocitetit q\u00eb do t\u00eb nxjeren nga Qeveria e Kosov\u00ebs do t\u00eb jen\u00eb t\u00eb bazuara ne parimet e Organizat\u00ebs Bot\u00ebrore t\u00eb Tregtis\u00eb (OBT) dhe n\u00eb CEFTA.\u201d<\/p>\n<p>N\u00eb fjalimin e tij n\u00eb edicionin e dyt\u00eb t\u00eb Konvent\u00ebs s\u00eb Prodhuesve t\u00eb Kosov\u00ebs, Kurti theksoi se \u201cinvestime t\u00eb huaja n\u00eb Kosov\u00eb ka pak sepse ka pasur shum\u00eb korrupsion dhe pak mb\u00ebshtetje.<\/p>\n<p>Korrupsioni dhe mungesa e sundimit t\u00eb ligjit, e shoq\u00ebruar me monopolet p\u00ebr kompani t\u00eb caktuara ka d\u00ebmtuar imazhin dhe ka frik\u00ebsuar investitor\u00ebt potencial. Nga studime t\u00eb cilat jan\u00eb b\u00ebr\u00eb del se mungon raportimi p\u00ebr korrupsionin.<\/p>\n<p>Un\u00eb besoj q\u00eb kjo nuk ndodh pse njer\u00ebzit frik\u00ebsohen, sa njer\u00ebzit e ndjejn\u00eb kot\u00ebsin\u00eb e raportimit.<\/p>\n<p>Pra, nuk \u00ebsht\u00eb se i frik\u00ebsohen hakmarrjes n\u00ebse raportojn\u00eb, sa kan\u00eb hall q\u00eb s\u2019do t\u00eb b\u00ebhet asgj\u00eb edhe kur do t\u00eb raportojn\u00eb. Prandaj sistemi i drejt\u00ebsis\u00eb duhet t\u00eb jet\u00eb efikas, meqen\u00ebse \u00ebsht\u00eb bindja ime se ai \u00ebsht\u00eb m\u00eb shum\u00eb pasiv sesa i keq.<\/p>\n<p>K\u00ebt\u00eb pra do ta ndryshojm\u00eb ne. Dhe, luftimi i korrupsionit, pamund\u00ebsimi i ryshfeteve \u00ebsht\u00eb i domosdosh\u00ebm p\u00ebr besimin, p\u00ebr sigurin\u00eb. Pasivitetin dhe dyshimin duhet ta z\u00ebvend\u00ebsojm\u00eb me besim dhe stabilitet.\u201d<\/p>\n<p>&nbsp;<\/p>\n","protected":false},"excerpt":{"rendered":"<p>Kryeministri i Kosov\u00ebs Albin Kurti ka deklaruar sot se do t\u00eb heq\u00eb tarif\u00ebn 100% t\u00eb Kosov\u00ebs ndaj Serbis\u00eb n\u00eb Konvent\u00ebn me Prodhuesit e Kosov\u00ebs. Kurti shprehimisht tha se \u201cDo t\u00eb z\u00ebvend\u00ebsojm\u00eb tarif\u00ebn 100% dhe do t\u00eb zbatojm\u00eb reciprocitetin e plot\u00eb tregtar me Serbin\u00eb sikurse me secilin shtet. Tarifa ka qen\u00eb vendim i qeveris\u00eb s\u00eb kaluar. [&hellip;]<\/p>\n","protected":false},"author":2013,"featured_media":122337,"comment_status":"open","ping_status":"closed","sticky":false,"template":"","format":"standard","meta":{"footnotes":""},"categories":[241,235],"tags":[],"class_list":{"0":"post-122336","1":"post","2":"type-post","3":"status-publish","4":"format-standard","5":"has-post-thumbnail","7":"category-aktualitet","8":"category-vendi"},"_links":{"self":[{"href":"https:\/\/zjarr.tv\/sq\/wp-json\/wp\/v2\/posts\/122336","targetHints":{"allow":["GET"]}}],"collection":[{"href":"https:\/\/zjarr.tv\/sq\/wp-json\/wp\/v2\/posts"}],"about":[{"href":"https:\/\/zjarr.tv\/sq\/wp-json\/wp\/v2\/types\/post"}],"author":[{"embeddable":true,"href":"https:\/\/zjarr.tv\/sq\/wp-json\/wp\/v2\/users\/2013"}],"replies":[{"embeddable":true,"href":"https:\/\/zjarr.tv\/sq\/wp-json\/wp\/v2\/comments?post=122336"}],"version-history":[{"count":0,"href":"https:\/\/zjarr.tv\/sq\/wp-json\/wp\/v2\/posts\/122336\/revisions"}],"wp:featuredmedia":[{"embeddable":true,"href":"https:\/\/zjarr.tv\/sq\/wp-json\/wp\/v2\/media\/122337"}],"wp:attachment":[{"href":"https:\/\/zjarr.tv\/sq\/wp-json\/wp\/v2\/media?parent=122336"}],"wp:term":[{"taxonomy":"category","embeddable":true,"href":"https:\/\/zjarr.tv\/sq\/wp-json\/wp\/v2\/categories?post=122336"},{"taxonomy":"post_tag","embeddable":true,"href":"https:\/\/zjarr.tv\/sq\/wp-json\/wp\/v2\/tags?post=122336"}],"curies":[{"name":"wp","href":"https:\/\/api.w.org\/{rel}","templated":true}]}}