{"id":122339,"date":"2020-02-19T12:19:42","date_gmt":"2020-02-19T11:19:42","guid":{"rendered":"https:\/\/zjarr.tv\/?p=122339"},"modified":"2020-02-19T12:19:42","modified_gmt":"2020-02-19T11:19:42","slug":"gjyqi-per-protestat-eshte-presion-politik-balliu-drejtesia-ka-ikur-ne-drejtim-te-paditur","status":"publish","type":"post","link":"https:\/\/zjarr.tv\/sq\/gjyqi-per-protestat-eshte-presion-politik-balliu-drejtesia-ka-ikur-ne-drejtim-te-paditur\/","title":{"rendered":"Gjyqi p\u00ebr protestat \u00ebsht\u00eb presion politik, Balliu: Drejt\u00ebsia ka ikur n\u00eb drejtim t\u00eb paditur"},"content":{"rendered":"<p>Ka nisur me shtyrje procesi gjyq\u00ebsor ndaj ish-deputetit t\u00eb PD-s\u00eb Klevis Balliu p\u00ebr protestat e banor\u00ebve t\u00eb Unaz\u00ebs s\u00eb Re dhe p\u00ebrplasjet me policin\u00eb.<\/p>\n<p>N\u00eb nj\u00eb prononcim p\u00ebr mediat pas daljes nga Gjykata, Balliu tha se ky \u00ebsht\u00eb nj\u00eb presion politik dhe se drejt\u00ebsa nuk funksionon. Ai tha se \u00e7\u00ebshtje t\u00eb tjera, kall\u00ebzimin e nj\u00eb prej t\u00eb cilave e ka depozituar vet\u00eb n\u00eb Prokurori nuk hetohen duke hedhur akuza ndaj kryeministrit Edi Rama dhe kryebashkiakut t\u00eb Tiran\u00ebs Erion Veliaj. Madje n\u00eb k\u00ebt\u00eb rast ai p\u00ebrmendi dhe prokuroren Elisabeta Imeraj, duke pyetur se p\u00ebrse sht\u00ebpia e saj nuk preket nga projekti i Unaz\u00ebs s\u00eb Re.<\/p>\n<p>\u201cN\u00eb rastin konkret kemi nj\u00eb mb\u00ebshtetje q\u00eb \u00ebsht\u00eb mb\u00ebshtetja e qytetar\u00ebve, e sovranit t\u00eb vendit, ndaj k\u00ebto presione nuk funksionojn\u00eb. Ju them qytetar\u00ebve t\u00eb hapin syt\u00eb e t\u00eb shohin \u00e7far\u00eb po ndodh. Jan\u00eb 100 \u00e7\u00ebshtje n\u00eb Gjykata p\u00ebr qytetar\u00eb.<br \/>\nN\u00ebp\u00ebr gjykata nuk i sjell ligji, kushtetuta por Edi Rama me urdhra politik\u00eb dhe me asgj\u00eb tjet\u00ebr. Prokuroria nuk e di p\u00ebr \u00e7far\u00eb akuzon. Fillimisht than\u00eb se kam thyer krahun e nj\u00eb polici, tani polici me gjith\u00eb krahun kan\u00eb ikur n\u00eb drejtim t\u00eb paditur. Pse nuk funksionon ligji p\u00ebr dhun\u00ebn makabre t\u00eb banor\u00ebve t\u00eb Bregut t\u00eb Lumit, ku shefi i policis\u00eb u filmua n\u00eb m\u00ebnyr\u00eb flagrante duke gjuajtur nj\u00eb vajz\u00eb 9-vje\u00e7are me shpull\u00eb? Pse nuk funksionon ligji p\u00ebr 40 mln euro t\u00eb Unaz\u00ebs s\u00eb Re? Sepse k\u00ebtu nuk ka drejt\u00ebsi, drejt\u00ebsia ka ikur n\u00eb drejtim t\u00eb paditur. E ka zhdukur Edvin Kristaq Rama me Erion Veliajn\u201d, deklaroi Balliu.<\/p>\n<p>I pyetur se p\u00ebrse u shty seanca, Balliu tha se b\u00ebhet vet\u00ebm p\u00ebr loj\u00ebra, p\u00ebr presion. \u201cNjoftojn\u00eb 3 persona, nuk njoftojn\u00eb t\u00eb kat\u00ebrtin, z.Elton Sk\u00ebnderi, pavar\u00ebsisht se ishte bashk\u00eb me ne. K\u00ebto gjyqe po shfryt\u00ebzohen nga Edi Rama vet\u00ebm p\u00ebr presione politike. Doja t\u2019i b\u00ebja thirrje qytetar\u00ebve shqiptar\u00eb, k\u00ebtu po shkelen ligjet, Kushtetuta dhe t\u00eb drejtat e njeriut. Edi Rama \u00ebsht\u00eb z\u00ebdh\u00ebn\u00ebs, p\u00ebrfaq\u00ebsues e partner i krimit t\u00eb organizuar\u201d, u shpreh Balliu.<\/p>\n","protected":false},"excerpt":{"rendered":"<p>Ka nisur me shtyrje procesi gjyq\u00ebsor ndaj ish-deputetit t\u00eb PD-s\u00eb Klevis Balliu p\u00ebr protestat e banor\u00ebve t\u00eb Unaz\u00ebs s\u00eb Re dhe p\u00ebrplasjet me policin\u00eb. N\u00eb nj\u00eb prononcim p\u00ebr mediat pas daljes nga Gjykata, Balliu tha se ky \u00ebsht\u00eb nj\u00eb presion politik dhe se drejt\u00ebsa nuk funksionon. Ai tha se \u00e7\u00ebshtje t\u00eb tjera, kall\u00ebzimin e nj\u00eb [&hellip;]<\/p>\n","protected":false},"author":2013,"featured_media":122340,"comment_status":"open","ping_status":"closed","sticky":false,"template":"","format":"standard","meta":{"footnotes":""},"categories":[241,235],"tags":[],"class_list":{"0":"post-122339","1":"post","2":"type-post","3":"status-publish","4":"format-standard","5":"has-post-thumbnail","7":"category-aktualitet","8":"category-vendi"},"_links":{"self":[{"href":"https:\/\/zjarr.tv\/sq\/wp-json\/wp\/v2\/posts\/122339","targetHints":{"allow":["GET"]}}],"collection":[{"href":"https:\/\/zjarr.tv\/sq\/wp-json\/wp\/v2\/posts"}],"about":[{"href":"https:\/\/zjarr.tv\/sq\/wp-json\/wp\/v2\/types\/post"}],"author":[{"embeddable":true,"href":"https:\/\/zjarr.tv\/sq\/wp-json\/wp\/v2\/users\/2013"}],"replies":[{"embeddable":true,"href":"https:\/\/zjarr.tv\/sq\/wp-json\/wp\/v2\/comments?post=122339"}],"version-history":[{"count":0,"href":"https:\/\/zjarr.tv\/sq\/wp-json\/wp\/v2\/posts\/122339\/revisions"}],"wp:featuredmedia":[{"embeddable":true,"href":"https:\/\/zjarr.tv\/sq\/wp-json\/wp\/v2\/media\/122340"}],"wp:attachment":[{"href":"https:\/\/zjarr.tv\/sq\/wp-json\/wp\/v2\/media?parent=122339"}],"wp:term":[{"taxonomy":"category","embeddable":true,"href":"https:\/\/zjarr.tv\/sq\/wp-json\/wp\/v2\/categories?post=122339"},{"taxonomy":"post_tag","embeddable":true,"href":"https:\/\/zjarr.tv\/sq\/wp-json\/wp\/v2\/tags?post=122339"}],"curies":[{"name":"wp","href":"https:\/\/api.w.org\/{rel}","templated":true}]}}