{"id":122343,"date":"2020-02-19T13:39:54","date_gmt":"2020-02-19T12:39:54","guid":{"rendered":"https:\/\/zjarr.tv\/?p=122343"},"modified":"2020-02-19T13:39:54","modified_gmt":"2020-02-19T12:39:54","slug":"nga-edison-ypi-ladi-tallej","status":"publish","type":"post","link":"https:\/\/zjarr.tv\/sq\/nga-edison-ypi-ladi-tallej\/","title":{"rendered":"Nga Edison Ypi\/ Ladi tallej&#8230;"},"content":{"rendered":"<p>Nj\u00eb shkrim nga Edison Ypi<\/p>\n<p>Ladi<\/p>\n<p>Ladi i tallte pedagog\u00ebt. Un\u00eb jo. Ladi i bashkohej \u201cshumic\u00ebs d\u00ebrrmuese&#8221;, si\u00e7 e quanim me tallje kopen\u00eb e atyre q\u00eb shkonin n\u00ebp\u00ebr aksione. Un\u00eb nuk shkoja. Luaja rolin e budallait. Ladi m\u00eb lutej t\u2019ja m\u00ebsoja rolin e budallait. Nuk mundja. Rolin e budallait nuk e luaja. Budalla isha.<br \/>\nLadi thoshte seriozisht; Jeta gjat\u00eb s\u00eb cil\u00ebs nuk b\u00ebn asgj\u00eb p\u00ebr t\u00eb tjer\u00ebt, nuk \u00ebsht\u00eb jet\u00eb, \u00ebsht\u00eb vdekje.<br \/>\nPas Politeknikumit, na mor\u00ebn ushtar. Ladin &#8220;e hodh\u00ebn&#8221;, k\u00ebshtu thuhej, n\u00eb Marin\u00eb, mua n\u00eb nj\u00eb repart kund\u00ebrajror.<br \/>\nPas ushtrie shqyheshim s\u00eb qeshuri duke i rr\u00ebfyer nj\u00ebri-tjetrit gallata militare. Katera silurues n\u00eb Sazan me motorra t\u00eb ndryshkur gjys\u00ebm t\u00eb fundosur. N\u00ebndetse me bateri t\u00eb thara. Marinar\u00eb t\u00eb alivanosur. Alarme pa asnj\u00eb shkak. Rreziqe imagjinare nga NATO. E t\u00eb tjera e t\u00eb tjera, Ladi t\u00eb shkulte gazit me hajvanll\u00ebqet e marin\u00ebs detare, asaj karrakatin\u00ebs ujore s\u00eb cil\u00ebs sot ca hajvan\u00eb i thurin lavde.<br \/>\nLadi tallte gjith\u00eb koh\u00ebs nomenklatur\u00ebn dhe Bllokun p\u00ebr t\u00eb cil\u00ebt tregonte vazhdimisht qyfyre. Bisedat e rrezikshme, vizitat e fshehta i p\u00ebrdornim si ila\u00e7e p\u00ebr parandalimin e atakut t\u00eb zemr\u00ebs apo \u00e7mendjes.<br \/>\nI thash\u00eb nj\u00eb dit\u00eb Ladit; O Lad, ma arrestuan v\u00ebllain.<br \/>\nLadi m\u00eb la pa ment. Ja plasi gazit. S\u2019ka problem tha, v\u00ebllai yt do gjalloj\u00eb ca vjet n\u00eb nj\u00eb burg t\u00eb vog\u00ebl, nd\u00ebrkoh\u00eb ne do vazhdojm\u00eb t\u00eb mbijetojm\u00eb brenda burgut t\u00eb madh. Sa mir\u00eb q\u00eb v\u00ebllai yt dha nj\u00eb shembull madhor, b\u00ebri nj\u00eb gj\u00eb konkrete p\u00ebr t\u00eb tjer\u00ebt. Un\u00eb e ti nuk kemi b\u00ebr\u00eb asgj\u00eb, vet\u00ebm llafe. Ti, si v\u00ebllai i t\u00eb d\u00ebnuarit, do heq\u00ebsh picirin. V\u00ebllai yt, meq\u00ebnse nuk do ket\u00eb v\u00eblla t\u00eb d\u00ebnuar, do vuaj m\u00eb pak se ty.<br \/>\nQ\u00ebllonte q\u00eb nuk takoheshim me muaj.<br \/>\nNj\u00eb nga k\u00ebto intervale u zgjat m\u00eb tep\u00ebr se zakonisht. Pyet nj\u00ebrin pyet tjetrin, askush nuk e dinte ku ndodhej Ladi.<br \/>\nKaluan muaj.<br \/>\nIshullar\u00ebt vazhdonin t\u00eb thoshin se nuk e dinin ku ishte Ladi. Por jo me vendosm\u00ebrin\u00eb e par\u00eb. K\u00ebt\u00eb her\u00eb n\u00eb nj\u00eb m\u00ebnyr\u00eb q\u00eb t\u00eb linte t\u00eb dyshoje se mungesa e Ladit ndrynte brenda di\u00e7ka dramatike.<br \/>\nPasi kaloi nj\u00eb vit q\u00eb Ladi s\u2019dihej ku ishte, u muar vesh se Lad Toto nuk ishte gjall\u00eb. \u00c7far\u00eb kishte ndodhur ? Askush nuk e dinte.<br \/>\nPo b\u00ebheshin m\u00eb tep\u00ebr se dy vite nga zhdukja e Ladit, kur e v\u00ebrteta nisi t\u00eb dilte me zor si nj\u00eb nat\u00eb pa gjum\u00eb q\u00eb mezi zbardh. Ladi kishte vajtur nj\u00eb mbr\u00ebmje tek disa kushurinj t\u00eb tij n\u00eb Laprak\u00eb q\u00eb banonin n\u00eb nj\u00eb parafabrikat peskat\u00ebsh. Kaq. Asgj\u00eb me tep\u00ebr nuk u muar vesh p\u00ebr vite.<br \/>\nGjat\u00eb atyre viteve hamendjet mbi Fatin e Ladit rr\u00ebfeheshin vesh m\u00eb vesh n\u00ebp\u00ebr ishuj me nj\u00eb solemnitet manastiresh. Si rr\u00ebfim murgj\u00ebsh q\u00eb nuk nguten, rr\u00ebfejn\u00eb ngadal\u00eb me fragmente kohore disavje\u00e7are.<br \/>\nU desh t\u00eb kalojn\u00eb vite t\u00eb tjera p\u00ebr tu marr\u00eb vesh se Ladi at\u00eb nat\u00eb kishte q\u00ebndruar goj\u00ebky\u00e7ur nja nj\u00eb or\u00eb tek kushurinjt\u00eb. Pasi ishte larguar nga kushurinjt\u00eb ishte ngjitur n\u00eb terrac\u00ebn e parafabrikatit ku kishte ndejtur i strukur n\u00eb nj\u00eb qoshe i mb\u00ebshtjell\u00eb me pallto deri n\u00eb m\u00ebngjez. N\u00eb t\u00eb zbardhur kishte dal\u00eb nga strukja. Kishte hequr pallton. I ishte afruar ngadal\u00eb bordur\u00ebs. Ishte hedhur nga terraca n\u00eb tok\u00eb ku e gjet\u00ebn t\u00eb nes\u00ebrmen mbytur n\u00eb gjak.<br \/>\nP\u00ebr shum\u00eb koh\u00eb rr\u00ebfimit t\u00eb k\u00ebsaj llaftarie, nuk ju shtua asgj\u00eb. Nuk u tregua asnj\u00eb shkak. Nuk u b\u00eb asnj\u00eb interpretim. Nuk qarkulloi asnj\u00eb hamendje. Gjith\u00e7ka mbeti e mbytur si muzik\u00eb daullesh n\u00eb muzg q\u00eb vjen nga larg.<br \/>\nE v\u00ebrteta u m\u00ebsua von\u00eb. Sigurimi i kishte k\u00ebrkuar t\u00eb spiunonte miqt\u00eb. Ladi nuk e la t\u2019i ikte nga duart Fati i shumpritur. \u00cbndrr\u00ebn e kahershme p\u00ebr t\u00eb b\u00ebr\u00eb di\u00e7ka t\u00eb madhe p\u00ebr t\u00eb tjer\u00ebt e realizoi duke u vetvrar\u00eb.<\/p>\n","protected":false},"excerpt":{"rendered":"<p>Nj\u00eb shkrim nga Edison Ypi Ladi Ladi i tallte pedagog\u00ebt. Un\u00eb jo. Ladi i bashkohej \u201cshumic\u00ebs d\u00ebrrmuese&#8221;, si\u00e7 e quanim me tallje kopen\u00eb e atyre q\u00eb shkonin n\u00ebp\u00ebr aksione. Un\u00eb nuk shkoja. Luaja rolin e budallait. Ladi m\u00eb lutej t\u2019ja m\u00ebsoja rolin e budallait. Nuk mundja. Rolin e budallait nuk e luaja. Budalla isha. Ladi [&hellip;]<\/p>\n","protected":false},"author":2013,"featured_media":122344,"comment_status":"open","ping_status":"closed","sticky":false,"template":"","format":"standard","meta":{"footnotes":""},"categories":[241,235],"tags":[],"class_list":{"0":"post-122343","1":"post","2":"type-post","3":"status-publish","4":"format-standard","5":"has-post-thumbnail","7":"category-aktualitet","8":"category-vendi"},"_links":{"self":[{"href":"https:\/\/zjarr.tv\/sq\/wp-json\/wp\/v2\/posts\/122343","targetHints":{"allow":["GET"]}}],"collection":[{"href":"https:\/\/zjarr.tv\/sq\/wp-json\/wp\/v2\/posts"}],"about":[{"href":"https:\/\/zjarr.tv\/sq\/wp-json\/wp\/v2\/types\/post"}],"author":[{"embeddable":true,"href":"https:\/\/zjarr.tv\/sq\/wp-json\/wp\/v2\/users\/2013"}],"replies":[{"embeddable":true,"href":"https:\/\/zjarr.tv\/sq\/wp-json\/wp\/v2\/comments?post=122343"}],"version-history":[{"count":0,"href":"https:\/\/zjarr.tv\/sq\/wp-json\/wp\/v2\/posts\/122343\/revisions"}],"wp:featuredmedia":[{"embeddable":true,"href":"https:\/\/zjarr.tv\/sq\/wp-json\/wp\/v2\/media\/122344"}],"wp:attachment":[{"href":"https:\/\/zjarr.tv\/sq\/wp-json\/wp\/v2\/media?parent=122343"}],"wp:term":[{"taxonomy":"category","embeddable":true,"href":"https:\/\/zjarr.tv\/sq\/wp-json\/wp\/v2\/categories?post=122343"},{"taxonomy":"post_tag","embeddable":true,"href":"https:\/\/zjarr.tv\/sq\/wp-json\/wp\/v2\/tags?post=122343"}],"curies":[{"name":"wp","href":"https:\/\/api.w.org\/{rel}","templated":true}]}}