{"id":122346,"date":"2020-02-19T16:16:39","date_gmt":"2020-02-19T15:16:39","guid":{"rendered":"https:\/\/zjarr.tv\/?p=122346"},"modified":"2020-02-19T16:16:39","modified_gmt":"2020-02-19T15:16:39","slug":"thirrja-per-tubimin-e-2-marsit-spiropali-meten-nuk-e-ndihmon-dot-populli","status":"publish","type":"post","link":"https:\/\/zjarr.tv\/sq\/thirrja-per-tubimin-e-2-marsit-spiropali-meten-nuk-e-ndihmon-dot-populli\/","title":{"rendered":"Thirrja p\u00ebr tubimin e 2 marsit, Spiropali: Met\u00ebn nuk e ndihmon dot populli"},"content":{"rendered":"<p>Pas thirrjes s\u00eb Presidentit drejtuar qytetar\u00ebve p\u00ebr t\u00eb dal\u00eb n\u00eb shesh n\u00eb 2 mars, reagoi Ministrja e Shtetit p\u00ebr Marr\u00ebdh\u00ebniet me Parlamentin, Elisa Spiropali. N\u00eb nj\u00eb koment n\u00eb Twitter, Spiropali shprehet se Presidentin nuk e ndihmon dot populli. Sipas saj, keqardhja p\u00ebr Ilir Met\u00ebn s`ka t\u00eb sosur.<\/p>\n<p><strong>Spiropali:<\/strong>\u00a0<em>Pyetja sot s\u2019\u00ebsht\u00eb pse Presidentit i ka dal\u00eb gjuha jasht\u00eb kontrollit dhe s\u2019ka m\u00eb asnj\u00eb kontroll mbi Ilir Met\u00ebn.Kjo dihet.Pyetja \u00ebsht\u00eb pse Ilir Meta priti Konferenc\u00ebn e Donator\u00ebve p\u00ebr ta rib\u00ebr\u00eb leck\u00eb Presidentin! Keqardhja p\u00ebr Presidentin ka sosur. Ajo p\u00ebr Ilir Met\u00ebn s\u2019ka t\u00eb sosur!<\/em><\/p>\n<p><em>Zoti e ndihmoft\u00eb Ilir Met\u00ebn se Presidentin s\u2019e ndihmon dot m\u00eb as Luli! Populli jo e jo. Sa p\u00ebr grushtin e shtetit, ai ka nisur n\u00eb kok\u00ebn e Ilirit qysh kur nisi Reforma n\u00eb Drejt\u00ebsi dhe do t\u00eb vazhdoj\u00eb sa her\u00eb q\u00eb n\u00eb konsensus me SHBA\/BE ne miratojm\u00eb ligje q\u00eb atij i duken grushta.<\/em><\/p>\n","protected":false},"excerpt":{"rendered":"<p>Pas thirrjes s\u00eb Presidentit drejtuar qytetar\u00ebve p\u00ebr t\u00eb dal\u00eb n\u00eb shesh n\u00eb 2 mars, reagoi Ministrja e Shtetit p\u00ebr Marr\u00ebdh\u00ebniet me Parlamentin, Elisa Spiropali. N\u00eb nj\u00eb koment n\u00eb Twitter, Spiropali shprehet se Presidentin nuk e ndihmon dot populli. Sipas saj, keqardhja p\u00ebr Ilir Met\u00ebn s`ka t\u00eb sosur. Spiropali:\u00a0Pyetja sot s\u2019\u00ebsht\u00eb pse Presidentit i ka dal\u00eb [&hellip;]<\/p>\n","protected":false},"author":2013,"featured_media":122347,"comment_status":"open","ping_status":"closed","sticky":false,"template":"","format":"standard","meta":{"footnotes":""},"categories":[241,235],"tags":[],"class_list":{"0":"post-122346","1":"post","2":"type-post","3":"status-publish","4":"format-standard","5":"has-post-thumbnail","7":"category-aktualitet","8":"category-vendi"},"_links":{"self":[{"href":"https:\/\/zjarr.tv\/sq\/wp-json\/wp\/v2\/posts\/122346","targetHints":{"allow":["GET"]}}],"collection":[{"href":"https:\/\/zjarr.tv\/sq\/wp-json\/wp\/v2\/posts"}],"about":[{"href":"https:\/\/zjarr.tv\/sq\/wp-json\/wp\/v2\/types\/post"}],"author":[{"embeddable":true,"href":"https:\/\/zjarr.tv\/sq\/wp-json\/wp\/v2\/users\/2013"}],"replies":[{"embeddable":true,"href":"https:\/\/zjarr.tv\/sq\/wp-json\/wp\/v2\/comments?post=122346"}],"version-history":[{"count":0,"href":"https:\/\/zjarr.tv\/sq\/wp-json\/wp\/v2\/posts\/122346\/revisions"}],"wp:featuredmedia":[{"embeddable":true,"href":"https:\/\/zjarr.tv\/sq\/wp-json\/wp\/v2\/media\/122347"}],"wp:attachment":[{"href":"https:\/\/zjarr.tv\/sq\/wp-json\/wp\/v2\/media?parent=122346"}],"wp:term":[{"taxonomy":"category","embeddable":true,"href":"https:\/\/zjarr.tv\/sq\/wp-json\/wp\/v2\/categories?post=122346"},{"taxonomy":"post_tag","embeddable":true,"href":"https:\/\/zjarr.tv\/sq\/wp-json\/wp\/v2\/tags?post=122346"}],"curies":[{"name":"wp","href":"https:\/\/api.w.org\/{rel}","templated":true}]}}