{"id":122353,"date":"2020-02-19T16:20:25","date_gmt":"2020-02-19T15:20:25","guid":{"rendered":"https:\/\/zjarr.tv\/?p=122353"},"modified":"2020-02-19T16:20:25","modified_gmt":"2020-02-19T15:20:25","slug":"takimi-thaci-cakaj-te-gatshem-per-vendosjen-e-ambasadave-te-perbashketa","status":"publish","type":"post","link":"https:\/\/zjarr.tv\/sq\/takimi-thaci-cakaj-te-gatshem-per-vendosjen-e-ambasadave-te-perbashketa\/","title":{"rendered":"Takimi Tha\u00e7i-Cakaj: T\u00eb gatsh\u00ebm p\u00ebr vendosjen e ambasadave t\u00eb p\u00ebrbashk\u00ebta"},"content":{"rendered":"<p>Presidenti i Kosov\u00ebs, Hashim Tha\u00e7i, \u00ebsht\u00eb takuar dit\u00ebn e sotme me Ministrin n\u00eb detyr\u00eb p\u00ebr Evrop\u00ebn dhe Pun\u00ebt e Jashtme t\u00eb Shqip\u00ebris\u00eb, Gent Cakaj.<\/p>\n<p>Tha\u00e7i ka fal\u00ebnderuar Cakajn, p\u00ebr kontributin q\u00eb ka dh\u00ebn\u00eb p\u00ebr Kosov\u00ebn dhe se fokusi i dy vendeve duhet t\u00eb jet\u00eb krijimi duhet t\u00eb jet\u00eb krijimi i nj\u00eb hap\u00ebsire t\u00eb re pa kufi midis shqiptar\u00ebve.<\/p>\n<p><strong>Hashim Tha\u00e7i:<\/strong>\u00a0<em>\u201cN\u00eb procesin e konsolidimit t\u00eb shtetit ton\u00eb, t\u00eb an\u00ebtar\u00ebsimit t\u00eb Kosov\u00ebs n\u00eb organizata nd\u00ebrkomb\u00ebtare dhe njohje t\u00eb pavar\u00ebsis\u00eb, k\u00ebrkohet nj\u00eb koordinim mes Prishtin\u00ebs dhe Tiran\u00ebs, un\u00eb mendoj q\u00eb ministri Cakaj m\u00eb t\u00eb v\u00ebrtet\u00eb i ka dh\u00ebn\u00eb nj\u00eb dinamik\u00eb t\u00eb re, nj\u00eb shpirt t\u00eb ri k\u00ebsaj fryme t\u00eb afirmimit t\u00eb konsolidimit t\u00eb Kosov\u00ebs, ku do n\u00eb bot\u00eb n\u00eb \u00e7do instanc\u00eb nd\u00ebrkomb\u00ebtar\u00eb ku merr pjes\u00eb Shqip\u00ebria. N\u00eb em\u00ebr t\u00eb institucioneve shpreh fal\u00ebnderime p\u00ebr kontributin q\u00eb keni \u00a0dh\u00ebn\u00eb\u201d.<\/em><\/p>\n<p><em>&#8221;Tashm\u00eb duhet t\u00eb fillojm\u00eb nj\u00eb faz\u00eb t\u00eb re t\u00eb konsolidimit, zhvillimit ekonomik, perspektiv\u00ebs euroatlantike. Kosova dhe Shqip\u00ebria jo vet\u00ebm t\u00eb jen\u00eb pjes\u00eb e NATO-s, por n\u00eb t\u00eb ardhmen e af\u00ebrt edhe t\u00eb BE-s\u00eb. \u00a0Fokus duhet t\u00eb kemi dhe integrimin komb\u00ebtar, t\u00eb jemi nj\u00eb hap\u00ebsir\u00eb kudo q\u00eb jetojn\u00eb shqiptar\u00eb, nj\u00eb hap\u00ebsir\u00eb pa kufi t\u00eb l\u00ebvizjes s\u00eb lir\u00eb t\u00eb njer\u00ebvze dhe t\u00eb mallrave, n\u00eb p\u00ebrputhshm\u00ebri me standardet euroatlantike.&#8221;<\/em><\/p>\n<p>N\u00eb an\u00ebn tjet\u00ebr, ministri Cakaj tha se Kosova ka qen\u00eb gjithmon\u00eb pjes\u00eb e axhend\u00ebs s\u00eb tij, dhe shprehugatishm\u00ebrin\u00eb p\u00ebr vazhdimin e projektit t\u00eb vendosjes s\u00eb ambasadave t\u00eb p\u00ebrbashk\u00ebta, ndarjes s\u00eb hap\u00ebsir\u00ebs s\u00eb konsullatave tona, vazhdimin e projekteve p\u00ebr k\u00ebmbimin e personelit diplomatik dhe po ashtu p\u00ebr t\u00eb krijuar nj\u00eb axhend\u00eb politike t\u00eb koordinuar.&#8221;<\/p>\n<p><strong>Gent Cakaj:<\/strong>\u00a0<em>&#8221;Kosova ka qen\u00eb q\u00eb nga dita e par\u00eb kur e kam marr\u00eb detyr\u00ebn pjes\u00eb e agjend\u00ebs sime, kemi qen\u00eb t\u00eb fokusuar n\u00eb konsolidimin e shqiptar\u00ebve n\u00eb rajon. Kemi qen\u00eb t\u00eb angazhuar p\u00ebr njohjen e Kosov\u00ebs e t\u00eb gjitha kapacitetet q\u00eb kemi pasur, kemi b\u00ebr\u00eb m\u00eb t\u00eb mir\u00ebn q\u00eb kemi mundur. Aty ku Kosova nuk ka prani, jemi munduar t\u00eb jemi z\u00ebri i Kosov\u00ebs, dhe t\u00eb adresojm\u00eb t\u00eb gjitha \u00e7\u00ebshtjet q\u00eb i ngarkojn\u00eb axhend\u00ebs s\u00eb saj.&#8221;<\/em><\/p>\n<p><em>&#8221;Falenderoj Kosov\u00ebn p\u00ebr kontributin pasi Shqip\u00ebria u godit nga t\u00ebrmeti i 26 n\u00ebntorit. Solidariteti i popullit t\u00eb Kosov\u00ebs ka qen\u00eb i jasht\u00ebzakonsh\u00ebm, puna e institucioneve t\u00eb Kosov\u00ebs e pashembullt. Me k\u00ebt\u00eb akt keni d\u00ebshmuar se ndon\u00ebse jemi dy shtete, jemi nj\u00eb komb i vet\u00ebm.&#8221; Ndaj plot\u00ebsisht t\u00eb nj\u00ebjt\u00ebn pik\u00ebpamje p\u00ebrsa i p\u00ebrket krijimit t\u00eb nj\u00eb hap\u00ebsire integruese p\u00ebr shqiptar\u00ebt dhe n\u00eb k\u00ebt\u00eb kuptim un\u00eb kam ardhur n\u00eb Kosov\u00eb q\u00eb t\u00eb shpreh gatishm\u00ebrin\u00eb p\u00ebr vazhdimin e projektit t\u00eb vendosjes s\u00eb ambasadave t\u00eb p\u00ebrbashk\u00ebta, ndarjes s\u00eb hap\u00ebsir\u00ebs s\u00eb konsullatave tona, vazhdimin e projekteve p\u00ebr k\u00ebmbimin e personelit diplomatik dhe po ashtu p\u00ebr t\u00eb krijuar nj\u00eb axhend\u00eb politike t\u00eb koordinuar.&#8221;<\/em><\/p>\n<p>P\u00ebr Cakajn kjo \u00ebsht\u00eb vizita e tij e par\u00eb zyrtare n\u00eb Kosov\u00eb, ai gjat\u00eb dit\u00ebs pritet t\u00eb takoj\u00eb kryeministrin Albin Kurti dhe kryetaren e Kuvendit t\u00eb Kosov\u00ebs, Vjosa Osmani.<\/p>\n<p><iframe loading=\"lazy\" src=\"https:\/\/www.facebook.com\/plugins\/video.php?href=https%3A%2F%2Fwww.facebook.com%2FHashimThaciOfficial%2Fvideos%2F536284873658721%2F&amp;show_text=0&amp;width=560\" width=\"560\" height=\"315\" frameborder=\"0\" scrolling=\"no\" allowfullscreen=\"allowfullscreen\" data-mce-fragment=\"1\"><\/iframe><\/p>\n<p>&nbsp;<\/p>\n","protected":false},"excerpt":{"rendered":"<p>Presidenti i Kosov\u00ebs, Hashim Tha\u00e7i, \u00ebsht\u00eb takuar dit\u00ebn e sotme me Ministrin n\u00eb detyr\u00eb p\u00ebr Evrop\u00ebn dhe Pun\u00ebt e Jashtme t\u00eb Shqip\u00ebris\u00eb, Gent Cakaj. Tha\u00e7i ka fal\u00ebnderuar Cakajn, p\u00ebr kontributin q\u00eb ka dh\u00ebn\u00eb p\u00ebr Kosov\u00ebn dhe se fokusi i dy vendeve duhet t\u00eb jet\u00eb krijimi duhet t\u00eb jet\u00eb krijimi i nj\u00eb hap\u00ebsire t\u00eb re pa [&hellip;]<\/p>\n","protected":false},"author":2013,"featured_media":122354,"comment_status":"open","ping_status":"closed","sticky":false,"template":"","format":"standard","meta":{"footnotes":""},"categories":[241,235],"tags":[],"class_list":{"0":"post-122353","1":"post","2":"type-post","3":"status-publish","4":"format-standard","5":"has-post-thumbnail","7":"category-aktualitet","8":"category-vendi"},"_links":{"self":[{"href":"https:\/\/zjarr.tv\/sq\/wp-json\/wp\/v2\/posts\/122353","targetHints":{"allow":["GET"]}}],"collection":[{"href":"https:\/\/zjarr.tv\/sq\/wp-json\/wp\/v2\/posts"}],"about":[{"href":"https:\/\/zjarr.tv\/sq\/wp-json\/wp\/v2\/types\/post"}],"author":[{"embeddable":true,"href":"https:\/\/zjarr.tv\/sq\/wp-json\/wp\/v2\/users\/2013"}],"replies":[{"embeddable":true,"href":"https:\/\/zjarr.tv\/sq\/wp-json\/wp\/v2\/comments?post=122353"}],"version-history":[{"count":0,"href":"https:\/\/zjarr.tv\/sq\/wp-json\/wp\/v2\/posts\/122353\/revisions"}],"wp:featuredmedia":[{"embeddable":true,"href":"https:\/\/zjarr.tv\/sq\/wp-json\/wp\/v2\/media\/122354"}],"wp:attachment":[{"href":"https:\/\/zjarr.tv\/sq\/wp-json\/wp\/v2\/media?parent=122353"}],"wp:term":[{"taxonomy":"category","embeddable":true,"href":"https:\/\/zjarr.tv\/sq\/wp-json\/wp\/v2\/categories?post=122353"},{"taxonomy":"post_tag","embeddable":true,"href":"https:\/\/zjarr.tv\/sq\/wp-json\/wp\/v2\/tags?post=122353"}],"curies":[{"name":"wp","href":"https:\/\/api.w.org\/{rel}","templated":true}]}}