{"id":122358,"date":"2020-02-19T16:24:05","date_gmt":"2020-02-19T15:24:05","guid":{"rendered":"https:\/\/zjarr.tv\/?p=122358"},"modified":"2020-02-19T16:24:05","modified_gmt":"2020-02-19T15:24:05","slug":"premtimi-i-bashes-nga-kukesi-diten-e-pare-te-qeverise-do-te-heq-taksen-per-rrugen-e-kombit","status":"publish","type":"post","link":"https:\/\/zjarr.tv\/sq\/premtimi-i-bashes-nga-kukesi-diten-e-pare-te-qeverise-do-te-heq-taksen-per-rrugen-e-kombit\/","title":{"rendered":"Premtimi i Bash\u00ebs nga Kuk\u00ebsi: Dit\u00ebn e par\u00eb t\u00eb qeveris\u00eb do t\u00eb heq taks\u00ebn p\u00ebr Rrug\u00ebn e Kombit"},"content":{"rendered":"<p>Nga qyteti i Kuk\u00ebsit, kreu i PD, Lulzim Basha ka premtuar q\u00eb dit\u00ebn e par\u00eb t\u00eb qeveris\u00eb s\u00eb tij do t\u00eb heq\u00eb taks\u00ebn e rrug\u00ebs s\u00eb Kombit.<\/p>\n<p><em>&#8220;Dit\u00ebn e par\u00eb kam p\u00ebr t\u00eb haq&#8221;<\/em>, u tha Basha disa banor\u00ebve t\u00eb Kuk\u00ebsit, nd\u00ebrsa ngriti edhe shqet\u00ebsimin e largimit t\u00eb t\u00eb rinjve nga Shqip\u00ebria.<\/p>\n<p><em>&#8220;Varf\u00ebria po e b\u00ebn Kuk\u00ebsin dhe Shqip\u00ebrin\u00eb t\u00eb pajtueshme p\u00ebr t\u00eb qytetaret dhe pa shprese p\u00ebr t\u00eb rinjt\u00eb. Do t\u00eb ringreme ekonomin\u00eb dhe do te zhdukim fenomenin e largimit te rinise. Zhvillimi i ekonomis\u00eb i jep zgjidhje nj\u00ebher\u00eb e p\u00ebrgjithmon\u00eb largimit t\u00eb shqiptareve&#8221;,\u00a0<\/em>u shpreh\u00a0 Lulzim Basha.<\/p>\n","protected":false},"excerpt":{"rendered":"<p>Nga qyteti i Kuk\u00ebsit, kreu i PD, Lulzim Basha ka premtuar q\u00eb dit\u00ebn e par\u00eb t\u00eb qeveris\u00eb s\u00eb tij do t\u00eb heq\u00eb taks\u00ebn e rrug\u00ebs s\u00eb Kombit. &#8220;Dit\u00ebn e par\u00eb kam p\u00ebr t\u00eb haq&#8221;, u tha Basha disa banor\u00ebve t\u00eb Kuk\u00ebsit, nd\u00ebrsa ngriti edhe shqet\u00ebsimin e largimit t\u00eb t\u00eb rinjve nga Shqip\u00ebria. &#8220;Varf\u00ebria po e [&hellip;]<\/p>\n","protected":false},"author":2013,"featured_media":122359,"comment_status":"open","ping_status":"closed","sticky":false,"template":"","format":"standard","meta":{"footnotes":""},"categories":[241,235],"tags":[],"class_list":{"0":"post-122358","1":"post","2":"type-post","3":"status-publish","4":"format-standard","5":"has-post-thumbnail","7":"category-aktualitet","8":"category-vendi"},"_links":{"self":[{"href":"https:\/\/zjarr.tv\/sq\/wp-json\/wp\/v2\/posts\/122358","targetHints":{"allow":["GET"]}}],"collection":[{"href":"https:\/\/zjarr.tv\/sq\/wp-json\/wp\/v2\/posts"}],"about":[{"href":"https:\/\/zjarr.tv\/sq\/wp-json\/wp\/v2\/types\/post"}],"author":[{"embeddable":true,"href":"https:\/\/zjarr.tv\/sq\/wp-json\/wp\/v2\/users\/2013"}],"replies":[{"embeddable":true,"href":"https:\/\/zjarr.tv\/sq\/wp-json\/wp\/v2\/comments?post=122358"}],"version-history":[{"count":0,"href":"https:\/\/zjarr.tv\/sq\/wp-json\/wp\/v2\/posts\/122358\/revisions"}],"wp:featuredmedia":[{"embeddable":true,"href":"https:\/\/zjarr.tv\/sq\/wp-json\/wp\/v2\/media\/122359"}],"wp:attachment":[{"href":"https:\/\/zjarr.tv\/sq\/wp-json\/wp\/v2\/media?parent=122358"}],"wp:term":[{"taxonomy":"category","embeddable":true,"href":"https:\/\/zjarr.tv\/sq\/wp-json\/wp\/v2\/categories?post=122358"},{"taxonomy":"post_tag","embeddable":true,"href":"https:\/\/zjarr.tv\/sq\/wp-json\/wp\/v2\/tags?post=122358"}],"curies":[{"name":"wp","href":"https:\/\/api.w.org\/{rel}","templated":true}]}}