{"id":122372,"date":"2020-02-19T17:17:03","date_gmt":"2020-02-19T16:17:03","guid":{"rendered":"https:\/\/zjarr.tv\/?p=122372"},"modified":"2020-02-19T17:17:03","modified_gmt":"2020-02-19T16:17:03","slug":"video-20-shkurti-proteste-tek-kryeministria","status":"publish","type":"post","link":"https:\/\/zjarr.tv\/sq\/video-20-shkurti-proteste-tek-kryeministria\/","title":{"rendered":"VIDEO\/ 20 shkurti, protest\u00eb tek kryeministria"},"content":{"rendered":"<p>Forumi Rinor i Partis\u00eb Demokratike ka njoftuar se dit\u00ebn e nes\u00ebrme do t\u00eb organizoje nj\u00eb protest\u00eb p\u00ebrpara kryeministris\u00eb, n\u00eb or\u00ebn 12.30.\u00a0 Protesta e 20 shkurtit \u00ebsht\u00eb nj\u00eb lloj simbolike n\u00eb p\u00ebrkujtim t\u00eb shembjes s\u00eb bustit t\u00eb diktatorit Enver Hoxha n\u00eb vitin 1991, e cila zhvillohet p\u00ebr \u00e7do vit. T\u00eb rinjt\u00eb e FRPD kan\u00eb p\u00ebrgatitur edhe nj\u00eb video ilustruese t\u00eb cil\u00ebn e kan\u00eb quajtur \u2018Arritjet e Edi Ram\u00ebs\u2019.<\/p>\n<p><iframe loading=\"lazy\" src=\"https:\/\/www.facebook.com\/plugins\/video.php?href=https%3A%2F%2Fwww.facebook.com%2Fbelind.kellici%2Fvideos%2F10157709348115325%2F&amp;show_text=0&amp;width=560\" width=\"560\" height=\"315\" frameborder=\"0\" scrolling=\"no\" allowfullscreen=\"allowfullscreen\" data-mce-fragment=\"1\"><\/iframe><\/p>\n","protected":false},"excerpt":{"rendered":"<p>Forumi Rinor i Partis\u00eb Demokratike ka njoftuar se dit\u00ebn e nes\u00ebrme do t\u00eb organizoje nj\u00eb protest\u00eb p\u00ebrpara kryeministris\u00eb, n\u00eb or\u00ebn 12.30.\u00a0 Protesta e 20 shkurtit \u00ebsht\u00eb nj\u00eb lloj simbolike n\u00eb p\u00ebrkujtim t\u00eb shembjes s\u00eb bustit t\u00eb diktatorit Enver Hoxha n\u00eb vitin 1991, e cila zhvillohet p\u00ebr \u00e7do vit. T\u00eb rinjt\u00eb e FRPD kan\u00eb p\u00ebrgatitur edhe [&hellip;]<\/p>\n","protected":false},"author":2013,"featured_media":74227,"comment_status":"open","ping_status":"closed","sticky":false,"template":"","format":"standard","meta":{"footnotes":""},"categories":[241,235],"tags":[],"class_list":{"0":"post-122372","1":"post","2":"type-post","3":"status-publish","4":"format-standard","5":"has-post-thumbnail","7":"category-aktualitet","8":"category-vendi"},"_links":{"self":[{"href":"https:\/\/zjarr.tv\/sq\/wp-json\/wp\/v2\/posts\/122372","targetHints":{"allow":["GET"]}}],"collection":[{"href":"https:\/\/zjarr.tv\/sq\/wp-json\/wp\/v2\/posts"}],"about":[{"href":"https:\/\/zjarr.tv\/sq\/wp-json\/wp\/v2\/types\/post"}],"author":[{"embeddable":true,"href":"https:\/\/zjarr.tv\/sq\/wp-json\/wp\/v2\/users\/2013"}],"replies":[{"embeddable":true,"href":"https:\/\/zjarr.tv\/sq\/wp-json\/wp\/v2\/comments?post=122372"}],"version-history":[{"count":0,"href":"https:\/\/zjarr.tv\/sq\/wp-json\/wp\/v2\/posts\/122372\/revisions"}],"wp:featuredmedia":[{"embeddable":true,"href":"https:\/\/zjarr.tv\/sq\/wp-json\/wp\/v2\/media\/74227"}],"wp:attachment":[{"href":"https:\/\/zjarr.tv\/sq\/wp-json\/wp\/v2\/media?parent=122372"}],"wp:term":[{"taxonomy":"category","embeddable":true,"href":"https:\/\/zjarr.tv\/sq\/wp-json\/wp\/v2\/categories?post=122372"},{"taxonomy":"post_tag","embeddable":true,"href":"https:\/\/zjarr.tv\/sq\/wp-json\/wp\/v2\/tags?post=122372"}],"curies":[{"name":"wp","href":"https:\/\/api.w.org\/{rel}","templated":true}]}}