{"id":122389,"date":"2020-02-20T11:19:03","date_gmt":"2020-02-20T10:19:03","guid":{"rendered":"https:\/\/zjarr.tv\/?p=122389"},"modified":"2020-02-20T11:19:03","modified_gmt":"2020-02-20T10:19:03","slug":"nga-agim-xhafka-matrioshka","status":"publish","type":"post","link":"https:\/\/zjarr.tv\/sq\/nga-agim-xhafka-matrioshka\/","title":{"rendered":"Nga Agim Xhafka\/ MATRIOSHKA"},"content":{"rendered":"<div id=\"js_e\" class=\"_5pbx userContent _3576\" data-testid=\"post_message\" data-ft=\"{&quot;tn&quot;:&quot;K&quot;}\">\n<p>MATRIOSHKA<\/p>\n<p>Ai q\u00eb hodh\u00ebm p\u00ebr tok\u00eb m\u00eb 20 shkurt nuk qe bust. Ishte nj\u00eb matrioshk\u00eb. Hoq\u00ebm nj\u00eb,t\u00eb madhin, Enverin dhe&#8230;fap mbin\u00eb e dol\u00ebn t\u00eb tjer\u00ebt fshehur n\u00ebn t\u00eb. Bij,nip\u00ebr mbesa&#8230;<br \/>\nNdaj sot mbushur vendi me deg\u00eb plot gjethe t\u00eb pem\u00ebs hoxhiste. Nj\u00eb ushtri me ushuj\u00ebza.N\u00eb qeveri e kudo. N\u00eb \u00e7do zyr\u00eb. Sa mir\u00eb kur kishim ve\u00e7 nj\u00eb. Na u thaft\u00eb dora q\u00eb e rr\u00ebzuam. Ec e p\u00ebrballo sot pyllin e statuj\u00ebzave,t\u00eb hajdut\u00ebve dhe hijenave q\u00eb po na han\u00eb edhe leckat&#8230;<\/p>\n<\/div>\n<div class=\"_3x-2\" data-ft=\"{&quot;tn&quot;:&quot;H&quot;}\">\n<div data-ft=\"{&quot;tn&quot;:&quot;H&quot;}\">\n<div class=\"mtm\">\n<div>\n<div class=\"_5cq3 _1ktf\" data-ft=\"{&quot;tn&quot;:&quot;E&quot;}\">\n<div id=\"u_0_15\" class=\"uiScaledImageContainer _4-ep\"><img loading=\"lazy\" decoding=\"async\" class=\"scaledImageFitWidth img\" src=\"https:\/\/scontent.ftia5-1.fna.fbcdn.net\/v\/t1.0-0\/p526x296\/87120372_1493522504150640_4013141961627140096_n.jpg?_nc_cat=106&amp;_nc_ohc=F0xh1zc3pw4AX9-TH1R&amp;_nc_ht=scontent.ftia5-1.fna&amp;_nc_tp=6&amp;oh=5141ea0f95ddc016fd0411a904246f54&amp;oe=5EC4C9D7\" alt=\"Image may contain: 1 person\" width=\"500\" height=\"449\" data-src=\"https:\/\/scontent.ftia5-1.fna.fbcdn.net\/v\/t1.0-0\/p526x296\/87120372_1493522504150640_4013141961627140096_n.jpg?_nc_cat=106&amp;_nc_ohc=F0xh1zc3pw4AX9-TH1R&amp;_nc_ht=scontent.ftia5-1.fna&amp;_nc_tp=6&amp;oh=5141ea0f95ddc016fd0411a904246f54&amp;oe=5EC4C9D7\" \/><\/div>\n<\/div>\n<\/div>\n<\/div>\n<\/div>\n<\/div>\n","protected":false},"excerpt":{"rendered":"<p>MATRIOSHKA Ai q\u00eb hodh\u00ebm p\u00ebr tok\u00eb m\u00eb 20 shkurt nuk qe bust. Ishte nj\u00eb matrioshk\u00eb. Hoq\u00ebm nj\u00eb,t\u00eb madhin, Enverin dhe&#8230;fap mbin\u00eb e dol\u00ebn t\u00eb tjer\u00ebt fshehur n\u00ebn t\u00eb. Bij,nip\u00ebr mbesa&#8230; Ndaj sot mbushur vendi me deg\u00eb plot gjethe t\u00eb pem\u00ebs hoxhiste. Nj\u00eb ushtri me ushuj\u00ebza.N\u00eb qeveri e kudo. N\u00eb \u00e7do zyr\u00eb. Sa mir\u00eb kur kishim [&hellip;]<\/p>\n","protected":false},"author":2013,"featured_media":41498,"comment_status":"open","ping_status":"closed","sticky":false,"template":"","format":"standard","meta":{"footnotes":""},"categories":[241,235],"tags":[],"class_list":{"0":"post-122389","1":"post","2":"type-post","3":"status-publish","4":"format-standard","5":"has-post-thumbnail","7":"category-aktualitet","8":"category-vendi"},"_links":{"self":[{"href":"https:\/\/zjarr.tv\/sq\/wp-json\/wp\/v2\/posts\/122389","targetHints":{"allow":["GET"]}}],"collection":[{"href":"https:\/\/zjarr.tv\/sq\/wp-json\/wp\/v2\/posts"}],"about":[{"href":"https:\/\/zjarr.tv\/sq\/wp-json\/wp\/v2\/types\/post"}],"author":[{"embeddable":true,"href":"https:\/\/zjarr.tv\/sq\/wp-json\/wp\/v2\/users\/2013"}],"replies":[{"embeddable":true,"href":"https:\/\/zjarr.tv\/sq\/wp-json\/wp\/v2\/comments?post=122389"}],"version-history":[{"count":0,"href":"https:\/\/zjarr.tv\/sq\/wp-json\/wp\/v2\/posts\/122389\/revisions"}],"wp:featuredmedia":[{"embeddable":true,"href":"https:\/\/zjarr.tv\/sq\/wp-json\/wp\/v2\/media\/41498"}],"wp:attachment":[{"href":"https:\/\/zjarr.tv\/sq\/wp-json\/wp\/v2\/media?parent=122389"}],"wp:term":[{"taxonomy":"category","embeddable":true,"href":"https:\/\/zjarr.tv\/sq\/wp-json\/wp\/v2\/categories?post=122389"},{"taxonomy":"post_tag","embeddable":true,"href":"https:\/\/zjarr.tv\/sq\/wp-json\/wp\/v2\/tags?post=122389"}],"curies":[{"name":"wp","href":"https:\/\/api.w.org\/{rel}","templated":true}]}}