{"id":122405,"date":"2020-02-20T11:29:36","date_gmt":"2020-02-20T10:29:36","guid":{"rendered":"https:\/\/zjarr.tv\/?p=122405"},"modified":"2020-02-20T11:29:36","modified_gmt":"2020-02-20T10:29:36","slug":"abuzimi-i-nxenesve-ne-shkolla-shtohen-thirrjet-publike-jep-doreheqjen-besa-shahini","status":"publish","type":"post","link":"https:\/\/zjarr.tv\/sq\/abuzimi-i-nxenesve-ne-shkolla-shtohen-thirrjet-publike-jep-doreheqjen-besa-shahini\/","title":{"rendered":"Abuzimi i nx\u00ebn\u00ebsve n\u00eb shkolla, shtohen thirrjet publike: Jep dor\u00ebheqjen Besa Shahini!"},"content":{"rendered":"<p>Edhe Kryetarja e Komisionit t\u00eb Edukimit n\u00eb Kuvend, Fatjona Dhimitri, i ka k\u00ebrkuar dor\u00ebheqjen sot Ministres s\u00eb Arsimit Besa Shanini.<\/p>\n<p>K\u00ebrkesa ka ardhur pas skandalit t\u00eb radh\u00ebs t\u00eb ngacmimit seksual n\u00eb liceun e Fierit, b\u00ebr\u00eb publik n\u00eb nj\u00eb television komb\u00ebtar.<\/p>\n<p>\u201cZnj. Shahini, meq\u00eb ju belb\u00ebzoni sa her\u00eb q\u00eb paraqiteni n\u00eb komisionin e Edukimit dhe Mjeteve p\u00ebr Informim Publik gjeni kurajon t\u2019i p\u00ebrgjigjeni publikisht disa pyetjeve, &#8211; I drejtohet nga Fb, Shahini.<\/p>\n<p>\u201cKur do t\u00eb veproni lidhur me ngjarjen e turpshme t\u00eb abuzimit seksual n\u00eb liceun e Fierit p\u00ebr t\u00eb cil\u00ebn prind\u00ebrit u njoh\u00ebn p\u00ebrmes medias?<\/p>\n<p>Cilat jan\u00eb masat q\u00eb ju keni marr\u00eb per t\u00eb eleminuar nga stafet pedagogjike m\u00ebsuesit pedofil\u00eb?<\/p>\n<p>Kush na garanton q\u00eb n\u00eb shkollat tona ky \u00ebsht\u00eb i vetmi rast?!<\/p>\n<p>A ka marr\u00eb ndonj\u00eb mas\u00eb Ministria p\u00ebr ti b\u00ebr\u00eb nx\u00ebn\u00ebsit t\u00eb denoncojn\u00eb publikisht t\u00eb tilla raste?<\/p>\n<p>Sa t\u00eb tjer\u00eb q\u00eb ende nuk jan\u00eb identifikuar gjenden n\u00ebn presione t\u00eb tilla t\u00eb abuzimit seksual?<\/p>\n<p>Si mund t\u00eb uleni n\u00eb at\u00eb karrige t\u00eb shtremb\u00ebruar nga pesha e pap\u00ebrgjegj\u00ebsise suaj duke e par\u00eb me z\u00eb dhe figur\u00eb se n\u00eb institucionet arsimore publike q\u00eb ju mbuloni dhe keni p\u00ebr detyr\u00eb t\u00eb menaxhoni, m\u00ebsuesit sillen si grabit\u00ebs t\u00eb f\u00ebmij\u00ebris\u00eb dhe si dhunues t\u00eb r\u00ebndomt\u00eb?<\/p>\n<p>Znj. Shahini, ju nuk mund t\u00eb mjaftoheni me pushimin nga puna, t\u00eb nje m\u00ebsuesi t\u00eb cilin opinioni publik e pa live se si sillej me nx\u00ebn\u00ebsit!<\/p>\n<p>Znj. Shahini, nuk mund t\u00eb q\u00ebndroni e fshehur pas kolltukut tuaj ministror, dhe t\u00eb justifikoni e mbroni me heshtjen tuaj keta pedofil\u00eb, q\u00eb institucionin arsimor k\u00ebrkojn\u00eb ta kthejn\u00eb n\u00eb streh\u00eb dhune!<\/p>\n<p>Nuk mjaftuan gafat tuaja t\u00eb nj\u00ebpasnj\u00ebshme n\u00eb komisionin e Edukimit dhe Mjeteve p\u00ebr Informim Publik, nuk mjaftoi paaft\u00ebsia juaj si Ministre e Arsimit p\u00ebr tu p\u00ebrballur me situat\u00ebn n\u00eb t\u00eb cil\u00ebn gjendet sistemi arsimor sot. Nuk mjaftoi shkat\u00ebrrimi q\u00eb i shkaktuat Akademis\u00eb se Shkencave me platform\u00ebn mbretit pa kuror\u00eb &#8220;Gjinushi &#8220;.<\/p>\n<p>Nuk mjaftoi paaft\u00ebsia dhe memec\u00ebria juaj p\u00ebr rehabilitin e shkollave pas t\u00ebrmetit t\u00eb 26 n\u00ebntorit.<br \/>\nNuk mjaftoi d\u00ebshtimi i reformave n\u00eb arsim, por tani duket se nuk ja kurseni as m\u00ebsues\u00ebt pedofil\u00eb, e as militant\u00ebt keqeverisjes Rama.<\/p>\n<p>Si e justifikoni rastin e m\u00ebsuesit zhigolo t\u00eb liceut t\u00eb Fierit? P\u00ebrse hesht?!<\/p>\n<p>Faktet d\u00ebshmojne qart\u00eb se propaganduesit e qeverisjes suaj luajn\u00eb me fatet e nx\u00ebn\u00ebsve n\u00eb at\u00eb q\u00eb duhet t\u00eb ishte tempulli i dijes por praktikisht \u00ebsht\u00eb kthyer n\u00eb nj\u00eb vend t\u00eb abuzimit seksual t\u00eb pedofil\u00ebve ndaj f\u00ebmijve tan\u00eb t\u00eb pambrojtur nga ju. Ju keni d\u00ebshtuar. Jepni dor\u00ebheqjen Besa!&#8217;.<\/p>\n","protected":false},"excerpt":{"rendered":"<p>Edhe Kryetarja e Komisionit t\u00eb Edukimit n\u00eb Kuvend, Fatjona Dhimitri, i ka k\u00ebrkuar dor\u00ebheqjen sot Ministres s\u00eb Arsimit Besa Shanini. K\u00ebrkesa ka ardhur pas skandalit t\u00eb radh\u00ebs t\u00eb ngacmimit seksual n\u00eb liceun e Fierit, b\u00ebr\u00eb publik n\u00eb nj\u00eb television komb\u00ebtar. \u201cZnj. Shahini, meq\u00eb ju belb\u00ebzoni sa her\u00eb q\u00eb paraqiteni n\u00eb komisionin e Edukimit dhe Mjeteve [&hellip;]<\/p>\n","protected":false},"author":2013,"featured_media":116596,"comment_status":"open","ping_status":"closed","sticky":false,"template":"","format":"standard","meta":{"footnotes":""},"categories":[241,235],"tags":[],"class_list":{"0":"post-122405","1":"post","2":"type-post","3":"status-publish","4":"format-standard","5":"has-post-thumbnail","7":"category-aktualitet","8":"category-vendi"},"_links":{"self":[{"href":"https:\/\/zjarr.tv\/sq\/wp-json\/wp\/v2\/posts\/122405","targetHints":{"allow":["GET"]}}],"collection":[{"href":"https:\/\/zjarr.tv\/sq\/wp-json\/wp\/v2\/posts"}],"about":[{"href":"https:\/\/zjarr.tv\/sq\/wp-json\/wp\/v2\/types\/post"}],"author":[{"embeddable":true,"href":"https:\/\/zjarr.tv\/sq\/wp-json\/wp\/v2\/users\/2013"}],"replies":[{"embeddable":true,"href":"https:\/\/zjarr.tv\/sq\/wp-json\/wp\/v2\/comments?post=122405"}],"version-history":[{"count":0,"href":"https:\/\/zjarr.tv\/sq\/wp-json\/wp\/v2\/posts\/122405\/revisions"}],"wp:featuredmedia":[{"embeddable":true,"href":"https:\/\/zjarr.tv\/sq\/wp-json\/wp\/v2\/media\/116596"}],"wp:attachment":[{"href":"https:\/\/zjarr.tv\/sq\/wp-json\/wp\/v2\/media?parent=122405"}],"wp:term":[{"taxonomy":"category","embeddable":true,"href":"https:\/\/zjarr.tv\/sq\/wp-json\/wp\/v2\/categories?post=122405"},{"taxonomy":"post_tag","embeddable":true,"href":"https:\/\/zjarr.tv\/sq\/wp-json\/wp\/v2\/tags?post=122405"}],"curies":[{"name":"wp","href":"https:\/\/api.w.org\/{rel}","templated":true}]}}