{"id":122407,"date":"2020-02-20T11:30:55","date_gmt":"2020-02-20T10:30:55","guid":{"rendered":"https:\/\/zjarr.tv\/?p=122407"},"modified":"2020-02-20T11:30:55","modified_gmt":"2020-02-20T10:30:55","slug":"20-shkurt-1991-rrezimi-i-permendores-se-hoxhes-dita-qe-shenoi-fundin-e-diktatures","status":"publish","type":"post","link":"https:\/\/zjarr.tv\/sq\/20-shkurt-1991-rrezimi-i-permendores-se-hoxhes-dita-qe-shenoi-fundin-e-diktatures\/","title":{"rendered":"20 shkurt 1991, rr\u00ebzimi i p\u00ebrmendores s\u00eb Hoxh\u00ebs, dita q\u00eb sh\u00ebnoi fundin e diktatur\u00ebs"},"content":{"rendered":"<p>&#8216;Mij\u00ebra qytetar\u00eb u ngrit\u00ebn m\u00eb 20 shkurt t\u00eb vitit 1991 p\u00ebr t\u00eb shembur simbolin e komunizmit, pak muaj pasi regjimi i vjet\u00ebr q\u00eb po jetonte dit\u00ebt e tij t\u00eb fundit kishte lejuar pluralizmin politik.<\/p>\n<p>Rr\u00ebzimi i monumentit t\u00eb Hoxh\u00ebs u nxit nga greva e uris\u00eb e nd\u00ebrmarr\u00eb nga disa qindra student\u00eb p\u00ebr t\u2019i hequr universitetit emrin e tij&#8217;,-njoftoi sot Muzeu Komb\u00ebtar &#8216;Sht\u00ebpia me Gjethe&#8217;.<\/p>\n<p>20 shkurti \u00ebsht\u00eb caktuar si Dita e Kujtes\u00ebs Komb\u00ebtare p\u00ebr Martir\u00ebt dhe Viktimat e Regjimit Komunist.<\/p>\n<p>Ajo sh\u00ebnoi n\u00eb fakt edhe fundin e diktatur\u00ebs n\u00eb Shqip\u00ebri.<\/p>\n<p>Pamjet e atyre ngjarjeve, n\u00eb sheshin &#8216;Sk\u00ebnderbej&#8217; b\u00ebn\u00eb xhiron e bot\u00ebs dhe e vun\u00eb edhe nj\u00eb her\u00eb Shqip\u00ebrin\u00eb n\u00eb fokus t\u00eb zhvillimeve nd\u00ebrkomb\u00ebtare.<\/p>\n<p>Rr\u00ebzimi i p\u00ebrmendores s\u00eb diktatorit Enver Hoxha do t\u00eb sh\u00ebnonte edhe ndarjen me t\u00eb shkuar\u00ebn dhe fillimin e nj\u00eb epoke t\u00eb re, at\u00eb t\u00eb demokracis\u00eb.<\/p>\n<p>Tek &#8216;Sht\u00ebpia me Gjethe&#8217; sot hapet ekspozita &#8216;Q\u00ebndresa&#8217;, dhe do t\u00eb zhvillohet nj\u00eb bashk\u00ebbisedim me z. Fatmir Merko\u00e7i, protagonist n\u00eb r\u00ebnien e monumentit.<\/p>\n<div class=\"fotogaleri\">\n<div class=\"bx-wrapper\">\n<div class=\"bx-viewport\">\n<ul class=\"read-slider\">\n<li><a href=\"https:\/\/www.syri.net\/uploads\/syri.net\/images\/2020\/February\/20\/86870675_2593254160887077_2721277728123781120_n1582189350.jpg\" data-lightbox=\"images\"><img decoding=\"async\" src=\"https:\/\/www.syri.net\/uploads\/syri.net\/images\/2020\/February\/20\/auto_86870675_2593254160887077_2721277728123781120_n1582189350.jpg\" \/><\/a><\/li>\n<\/ul>\n<\/div>\n<\/div>\n<\/div>\n","protected":false},"excerpt":{"rendered":"<p>&#8216;Mij\u00ebra qytetar\u00eb u ngrit\u00ebn m\u00eb 20 shkurt t\u00eb vitit 1991 p\u00ebr t\u00eb shembur simbolin e komunizmit, pak muaj pasi regjimi i vjet\u00ebr q\u00eb po jetonte dit\u00ebt e tij t\u00eb fundit kishte lejuar pluralizmin politik. Rr\u00ebzimi i monumentit t\u00eb Hoxh\u00ebs u nxit nga greva e uris\u00eb e nd\u00ebrmarr\u00eb nga disa qindra student\u00eb p\u00ebr t\u2019i hequr universitetit [&hellip;]<\/p>\n","protected":false},"author":2013,"featured_media":122409,"comment_status":"open","ping_status":"closed","sticky":false,"template":"","format":"standard","meta":{"footnotes":""},"categories":[241,235],"tags":[],"class_list":{"0":"post-122407","1":"post","2":"type-post","3":"status-publish","4":"format-standard","5":"has-post-thumbnail","7":"category-aktualitet","8":"category-vendi"},"_links":{"self":[{"href":"https:\/\/zjarr.tv\/sq\/wp-json\/wp\/v2\/posts\/122407","targetHints":{"allow":["GET"]}}],"collection":[{"href":"https:\/\/zjarr.tv\/sq\/wp-json\/wp\/v2\/posts"}],"about":[{"href":"https:\/\/zjarr.tv\/sq\/wp-json\/wp\/v2\/types\/post"}],"author":[{"embeddable":true,"href":"https:\/\/zjarr.tv\/sq\/wp-json\/wp\/v2\/users\/2013"}],"replies":[{"embeddable":true,"href":"https:\/\/zjarr.tv\/sq\/wp-json\/wp\/v2\/comments?post=122407"}],"version-history":[{"count":0,"href":"https:\/\/zjarr.tv\/sq\/wp-json\/wp\/v2\/posts\/122407\/revisions"}],"wp:featuredmedia":[{"embeddable":true,"href":"https:\/\/zjarr.tv\/sq\/wp-json\/wp\/v2\/media\/122409"}],"wp:attachment":[{"href":"https:\/\/zjarr.tv\/sq\/wp-json\/wp\/v2\/media?parent=122407"}],"wp:term":[{"taxonomy":"category","embeddable":true,"href":"https:\/\/zjarr.tv\/sq\/wp-json\/wp\/v2\/categories?post=122407"},{"taxonomy":"post_tag","embeddable":true,"href":"https:\/\/zjarr.tv\/sq\/wp-json\/wp\/v2\/tags?post=122407"}],"curies":[{"name":"wp","href":"https:\/\/api.w.org\/{rel}","templated":true}]}}