{"id":122413,"date":"2020-02-20T12:40:06","date_gmt":"2020-02-20T11:40:06","guid":{"rendered":"https:\/\/zjarr.tv\/?p=122413"},"modified":"2020-02-20T12:40:06","modified_gmt":"2020-02-20T11:40:06","slug":"presidenti-meta-serish-sot-ne-deklarate-per-mediat","status":"publish","type":"post","link":"https:\/\/zjarr.tv\/sq\/presidenti-meta-serish-sot-ne-deklarate-per-mediat\/","title":{"rendered":"Presidenti Meta s\u00ebrish sot n\u00eb deklarat\u00eb p\u00ebr mediat"},"content":{"rendered":"<p>Presidenti i Republik\u00ebs, Ilir Meta do t\u00eb ket\u00eb s\u00ebrish sot nj\u00eb deklarat\u00eb p\u00ebr mediat, p\u00ebr t\u00eb dh\u00ebn\u00eb prova t\u00eb reja p\u00ebr ata q\u00eb ai e quan grusht shteti nga ana e mazhoranc\u00ebs.<\/p>\n<p>Deklarata nga selia e Presidenc\u00ebs, prite t\u00eb jet\u00eb rreth or\u00ebs 13:00.<\/p>\n<p>Sot n\u00eb nj\u00eb postim n\u00eb Facebook, Ilir Meta tha se\u00a02 marsi do t\u00eb jet\u00eb paralajm\u00ebrimi i fundit p\u00ebr Rilindjen.<\/p>\n<p>Nj\u00eb dit\u00eb m\u00eb par\u00eb, Kreu i Shtetit tha se \u00e7do dit\u00eb do t\u00eb jap\u00eb lajme t\u00eb reja p\u00ebr grushtin e shtetit. Nd\u00ebrsa b\u00ebri thirrje q\u00eb n\u00eb dat\u00ebn 2 mars t\u00eb gjith\u00eb qytetar\u00ebt t\u00eb grumbullohen n\u00eb Bulevardin D\u00ebshmor\u00ebt e Kombit p\u00ebr t\u00eb firmosur dekretin e par\u00eb t\u00eb \u00e7montimit t\u00eb grushtit t\u00eb shtetit.<\/p>\n","protected":false},"excerpt":{"rendered":"<p>Presidenti i Republik\u00ebs, Ilir Meta do t\u00eb ket\u00eb s\u00ebrish sot nj\u00eb deklarat\u00eb p\u00ebr mediat, p\u00ebr t\u00eb dh\u00ebn\u00eb prova t\u00eb reja p\u00ebr ata q\u00eb ai e quan grusht shteti nga ana e mazhoranc\u00ebs. Deklarata nga selia e Presidenc\u00ebs, prite t\u00eb jet\u00eb rreth or\u00ebs 13:00. Sot n\u00eb nj\u00eb postim n\u00eb Facebook, Ilir Meta tha se\u00a02 marsi do [&hellip;]<\/p>\n","protected":false},"author":2013,"featured_media":97012,"comment_status":"open","ping_status":"closed","sticky":false,"template":"","format":"standard","meta":{"footnotes":""},"categories":[241,235],"tags":[],"class_list":{"0":"post-122413","1":"post","2":"type-post","3":"status-publish","4":"format-standard","5":"has-post-thumbnail","7":"category-aktualitet","8":"category-vendi"},"_links":{"self":[{"href":"https:\/\/zjarr.tv\/sq\/wp-json\/wp\/v2\/posts\/122413","targetHints":{"allow":["GET"]}}],"collection":[{"href":"https:\/\/zjarr.tv\/sq\/wp-json\/wp\/v2\/posts"}],"about":[{"href":"https:\/\/zjarr.tv\/sq\/wp-json\/wp\/v2\/types\/post"}],"author":[{"embeddable":true,"href":"https:\/\/zjarr.tv\/sq\/wp-json\/wp\/v2\/users\/2013"}],"replies":[{"embeddable":true,"href":"https:\/\/zjarr.tv\/sq\/wp-json\/wp\/v2\/comments?post=122413"}],"version-history":[{"count":0,"href":"https:\/\/zjarr.tv\/sq\/wp-json\/wp\/v2\/posts\/122413\/revisions"}],"wp:featuredmedia":[{"embeddable":true,"href":"https:\/\/zjarr.tv\/sq\/wp-json\/wp\/v2\/media\/97012"}],"wp:attachment":[{"href":"https:\/\/zjarr.tv\/sq\/wp-json\/wp\/v2\/media?parent=122413"}],"wp:term":[{"taxonomy":"category","embeddable":true,"href":"https:\/\/zjarr.tv\/sq\/wp-json\/wp\/v2\/categories?post=122413"},{"taxonomy":"post_tag","embeddable":true,"href":"https:\/\/zjarr.tv\/sq\/wp-json\/wp\/v2\/tags?post=122413"}],"curies":[{"name":"wp","href":"https:\/\/api.w.org\/{rel}","templated":true}]}}