{"id":122415,"date":"2020-02-20T12:41:18","date_gmt":"2020-02-20T11:41:18","guid":{"rendered":"https:\/\/zjarr.tv\/?p=122415"},"modified":"2020-02-20T12:41:18","modified_gmt":"2020-02-20T11:41:18","slug":"gjiknuri-nese-pd-do-qe-ti-kthehet-institucioneve-nuk-ka-pse-te-beje-lojen-e-presidentit","status":"publish","type":"post","link":"https:\/\/zjarr.tv\/sq\/gjiknuri-nese-pd-do-qe-ti-kthehet-institucioneve-nuk-ka-pse-te-beje-lojen-e-presidentit\/","title":{"rendered":"Gjiknuri: N\u00ebse PD do q\u00eb t\u2019i kthehet institucioneve nuk ka pse t\u00eb b\u00ebj\u00eb loj\u00ebn e presidentit"},"content":{"rendered":"<p>Pas takimit p\u00ebr reform\u00ebn zgjedhore, deputeti i PS-s\u00eb, Damian Gjiknuri ka dal\u00eb n\u00eb nj\u00eb prononcim p\u00ebr mediat.<\/p>\n<p>Gjiknuri \u00ebhst\u00eb shprehur se propozimet e PD-s\u00eb nuk mund t\u00eb v\u00ebn\u00eb n\u00eb pik\u00ebpyetje reform\u00ebn n\u00eb drejt\u00ebsi.<\/p>\n<p>Ai shtoi se n\u00ebse do PD q\u00eb t\u2019i kthehet institucioneve nuk ka pse t\u00eb b\u00ebj\u00eb loj\u00ebn e presidentit.<\/p>\n<p><strong>Damian Gjiknuri:<\/strong><em>\u00a0Diskutuam p\u00ebr kolegjin. T\u00eb them t\u00eb drejt\u00ebn konstatuam disa propozime q\u00eb k\u00ebrkojn\u00eb rishikim sepse nuk mund t\u00eb vejm\u00eb n\u00eb pik\u00ebpyetje reform\u00ebn n\u00eb drejt\u00ebsi. Jemi t\u00eb gatsh\u00ebm t\u00eb gjejm\u00eb nj\u00eb zgjidhe por pa v\u00ebn\u00eb n\u00eb rrezik reform\u00ebn. Diskutuam p\u00ebr n\u00eb s\u00ebr\u00eb \u00e7\u00ebshtjes. Jemi duke progresuar. Gj\u00ebrat principate me organizimin kushtetues, nuk mund ti v\u00ebn\u00eb n\u00eb pik\u00ebpyetje p\u00ebr disa shqet\u00ebsime q\u00eb ka PD. Ruajtja p\u00ebr sigurin\u00eb n\u00eb qendr\u00ebn e votimit, do ta pranojm\u00eb.<\/em><\/p>\n<p><em>N\u00ebse duam q\u00eb t\u2019i kthehen institucioneve s\u2019ka pse PD q\u00eb t\u00eb p\u00ebrfshihet n\u00eb loj\u00ebn \u00a0presidentit.\u00a0<\/em><\/p>\n<p>Gjiknuri shtoi se nuk \u00ebsht\u00eb normale qe Vetingu nuk mund t\u00eb bllokohet p\u00ebr shkak t\u00eb formimit t\u00eb kolegjit Zgjedhor<em>.\u00a0<\/em><\/p>\n<p><strong>Damian Gjiknuri:<\/strong><em>\u00a0Nuk \u00ebsht\u00eb normale q\u00eb Vetingu t\u00eb bllokohet p\u00ebr shkak t\u00eb formimit t\u00eb kolegjit zgjedhor.\u00a0<\/em><\/p>\n<p><em>Gjyqtar\u00ebt q\u00eb kan\u00eb kaluar Vetingut t\u00eb jen\u00eb pjes\u00eb e formimit t\u00eb kolegjit zgjedhor.\u00a0<\/em><\/p>\n<p><em>Nuk duam q\u00eb propozimet e PD t\u00eb ndalojn\u00eb zgjidhjet kushtetuese.\u00a0<\/em><\/p>\n","protected":false},"excerpt":{"rendered":"<p>Pas takimit p\u00ebr reform\u00ebn zgjedhore, deputeti i PS-s\u00eb, Damian Gjiknuri ka dal\u00eb n\u00eb nj\u00eb prononcim p\u00ebr mediat. Gjiknuri \u00ebhst\u00eb shprehur se propozimet e PD-s\u00eb nuk mund t\u00eb v\u00ebn\u00eb n\u00eb pik\u00ebpyetje reform\u00ebn n\u00eb drejt\u00ebsi. Ai shtoi se n\u00ebse do PD q\u00eb t\u2019i kthehet institucioneve nuk ka pse t\u00eb b\u00ebj\u00eb loj\u00ebn e presidentit. Damian Gjiknuri:\u00a0Diskutuam p\u00ebr kolegjin. [&hellip;]<\/p>\n","protected":false},"author":2013,"featured_media":108147,"comment_status":"open","ping_status":"closed","sticky":false,"template":"","format":"standard","meta":{"footnotes":""},"categories":[241,235],"tags":[],"class_list":{"0":"post-122415","1":"post","2":"type-post","3":"status-publish","4":"format-standard","5":"has-post-thumbnail","7":"category-aktualitet","8":"category-vendi"},"_links":{"self":[{"href":"https:\/\/zjarr.tv\/sq\/wp-json\/wp\/v2\/posts\/122415","targetHints":{"allow":["GET"]}}],"collection":[{"href":"https:\/\/zjarr.tv\/sq\/wp-json\/wp\/v2\/posts"}],"about":[{"href":"https:\/\/zjarr.tv\/sq\/wp-json\/wp\/v2\/types\/post"}],"author":[{"embeddable":true,"href":"https:\/\/zjarr.tv\/sq\/wp-json\/wp\/v2\/users\/2013"}],"replies":[{"embeddable":true,"href":"https:\/\/zjarr.tv\/sq\/wp-json\/wp\/v2\/comments?post=122415"}],"version-history":[{"count":0,"href":"https:\/\/zjarr.tv\/sq\/wp-json\/wp\/v2\/posts\/122415\/revisions"}],"wp:featuredmedia":[{"embeddable":true,"href":"https:\/\/zjarr.tv\/sq\/wp-json\/wp\/v2\/media\/108147"}],"wp:attachment":[{"href":"https:\/\/zjarr.tv\/sq\/wp-json\/wp\/v2\/media?parent=122415"}],"wp:term":[{"taxonomy":"category","embeddable":true,"href":"https:\/\/zjarr.tv\/sq\/wp-json\/wp\/v2\/categories?post=122415"},{"taxonomy":"post_tag","embeddable":true,"href":"https:\/\/zjarr.tv\/sq\/wp-json\/wp\/v2\/tags?post=122415"}],"curies":[{"name":"wp","href":"https:\/\/api.w.org\/{rel}","templated":true}]}}