{"id":122417,"date":"2020-02-20T15:46:01","date_gmt":"2020-02-20T14:46:01","guid":{"rendered":"https:\/\/zjarr.tv\/?p=122417"},"modified":"2020-02-20T15:46:01","modified_gmt":"2020-02-20T14:46:01","slug":"caktohen-gjyqtaret-qe-do-te-shqyrtojne-ceshtjen-e-ish-ministrit-tahiri","status":"publish","type":"post","link":"https:\/\/zjarr.tv\/sq\/caktohen-gjyqtaret-qe-do-te-shqyrtojne-ceshtjen-e-ish-ministrit-tahiri\/","title":{"rendered":"Caktohen gjyqtar\u00ebt q\u00eb do t\u00eb shqyrtojn\u00eb \u00e7\u00ebshtjen e ish-ministrit Tahiri"},"content":{"rendered":"<p>Hidhet shorti p\u00ebr caktimin e kolegjit penal t\u00eb gjyqtar\u00ebve q\u00eb do t\u00eb shqyrtojn\u00eb \u00e7\u00ebshtjen \u201cTahiri\u201d.<\/p>\n<p>Referuar interesimit t\u00eb medias, Gjykata e Posa\u00e7me e Apelit p\u00ebr Korrupsionin dhe Krimin e Organizuar njofton se shorti ka p\u00ebrcaktuar kolegjin penal.<\/p>\n<p>Ky kolegj do t\u00eb jet\u00eb i p\u00ebrb\u00ebr\u00eb nga gjyqtar\u00ebt:<\/p>\n<p>Albana Boksi Kryesuese<\/p>\n<p>Nertina Kosova An\u00ebtare<\/p>\n<p>Nure Dreni An\u00ebtare<\/p>\n<p>Tahiri u d\u00ebnua me 5 vjet burgim p\u00ebr shp\u00ebrdorim detyre, por nuk u gjet fajtor p\u00ebr akuzat e trafikut t\u00eb drog\u00ebs.<\/p>\n<p>Ai u d\u00ebnua me 5 vjet burgim, por duke qen\u00eb se m\u00eb par\u00eb kishte pranuar gjykimin e shkurtuar, at\u00ebher\u00eb d\u00ebnimi, sipas vendimit, u konvertua n\u00eb 3 vjet e 4 muaj sh\u00ebrbim prove.<\/p>\n<p>Nd\u00ebrkoh\u00eb, si Samir Tahiri ashtu edhe Prokuroria e kan\u00eb apeluar k\u00ebt\u00eb vendim n\u00eb Gjykat\u00ebn e Apelit t\u00eb Krimeve t\u00eb R\u00ebnda.<\/p>\n","protected":false},"excerpt":{"rendered":"<p>Hidhet shorti p\u00ebr caktimin e kolegjit penal t\u00eb gjyqtar\u00ebve q\u00eb do t\u00eb shqyrtojn\u00eb \u00e7\u00ebshtjen \u201cTahiri\u201d. Referuar interesimit t\u00eb medias, Gjykata e Posa\u00e7me e Apelit p\u00ebr Korrupsionin dhe Krimin e Organizuar njofton se shorti ka p\u00ebrcaktuar kolegjin penal. Ky kolegj do t\u00eb jet\u00eb i p\u00ebrb\u00ebr\u00eb nga gjyqtar\u00ebt: Albana Boksi Kryesuese Nertina Kosova An\u00ebtare Nure Dreni An\u00ebtare [&hellip;]<\/p>\n","protected":false},"author":2013,"featured_media":97991,"comment_status":"open","ping_status":"closed","sticky":false,"template":"","format":"standard","meta":{"footnotes":""},"categories":[241,235],"tags":[],"class_list":{"0":"post-122417","1":"post","2":"type-post","3":"status-publish","4":"format-standard","5":"has-post-thumbnail","7":"category-aktualitet","8":"category-vendi"},"_links":{"self":[{"href":"https:\/\/zjarr.tv\/sq\/wp-json\/wp\/v2\/posts\/122417","targetHints":{"allow":["GET"]}}],"collection":[{"href":"https:\/\/zjarr.tv\/sq\/wp-json\/wp\/v2\/posts"}],"about":[{"href":"https:\/\/zjarr.tv\/sq\/wp-json\/wp\/v2\/types\/post"}],"author":[{"embeddable":true,"href":"https:\/\/zjarr.tv\/sq\/wp-json\/wp\/v2\/users\/2013"}],"replies":[{"embeddable":true,"href":"https:\/\/zjarr.tv\/sq\/wp-json\/wp\/v2\/comments?post=122417"}],"version-history":[{"count":0,"href":"https:\/\/zjarr.tv\/sq\/wp-json\/wp\/v2\/posts\/122417\/revisions"}],"wp:featuredmedia":[{"embeddable":true,"href":"https:\/\/zjarr.tv\/sq\/wp-json\/wp\/v2\/media\/97991"}],"wp:attachment":[{"href":"https:\/\/zjarr.tv\/sq\/wp-json\/wp\/v2\/media?parent=122417"}],"wp:term":[{"taxonomy":"category","embeddable":true,"href":"https:\/\/zjarr.tv\/sq\/wp-json\/wp\/v2\/categories?post=122417"},{"taxonomy":"post_tag","embeddable":true,"href":"https:\/\/zjarr.tv\/sq\/wp-json\/wp\/v2\/tags?post=122417"}],"curies":[{"name":"wp","href":"https:\/\/api.w.org\/{rel}","templated":true}]}}