{"id":122419,"date":"2020-02-20T15:47:41","date_gmt":"2020-02-20T14:47:41","guid":{"rendered":"https:\/\/zjarr.tv\/?p=122419"},"modified":"2020-02-20T15:47:41","modified_gmt":"2020-02-20T14:47:41","slug":"dy-te-denuar-nga-tirana-duhet-te-deklarojne-pasurine","status":"publish","type":"post","link":"https:\/\/zjarr.tv\/sq\/dy-te-denuar-nga-tirana-duhet-te-deklarojne-pasurine\/","title":{"rendered":"Dy t\u00eb d\u00ebnuar nga Tirana duhet t\u00eb deklarojn\u00eb pasurin\u00eb"},"content":{"rendered":"<p>Operacioni Forca e Ligjit i ka d\u00ebrguar k\u00ebrkes\u00eb p\u00ebr deklarimin e pasuris\u00eb dy personave.<\/p>\n<p>B\u00ebhet fjal\u00eb p\u00ebr dy persona nga Tirana, shtetasit A.L i d\u00ebnuar n\u00eb Itali p\u00ebr vrasje dhe E.D i d\u00ebnuar p\u00ebr shkat\u00ebrrim prone me an\u00eb t\u00eb zjarrit.<\/p>\n<p><strong>Deklarata e OFL<\/strong><\/p>\n<p><em>Vijon \u00a0me intensitet Operacioni Forca e Ligjit, n\u00eb zbatimit t\u00eb Ligjit Special p\u00ebr masat pasurore ndaj individ\u00ebve t\u00eb d\u00ebnuar apo akuzuar p\u00ebr krim t\u00eb organizuar apo krime t\u00eb r\u00ebnda.<\/em><\/p>\n<p><em>OFL, n\u00eb bashk\u00ebpunim me strukturat e tjera t\u00eb Policis\u00eb s\u00eb Shtetit, po kryen veprime komplekse, \u00a0p\u00ebr p\u00ebrmbushjen e detyrimeve t\u00eb p\u00ebrcaktuara n\u00eb Ligjin Special.<\/em><\/p>\n<p><em>N\u00eb k\u00ebt\u00eb kuad\u00ebr, bazuar n\u00eb Aktin Normativ nr. 1, t\u00eb dat\u00ebs 31 janar 2020, OFL u ka d\u00ebrguar k\u00ebrkesat p\u00ebr vet\u00ebdeklarim t\u00eb pasuris\u00eb, shtetasve:<\/p>\n<p>&#8211; A. L., me banim Tiran\u00eb, i d\u00ebnuar n\u00eb Itali p\u00ebr \u201cVrasje n\u00eb rrethana cil\u00ebsuese\u201d;<br \/>\n&#8211; E. D., me banim Tiran\u00eb, i d\u00ebnuar p\u00ebr \u201cShkat\u00ebrrim t\u00eb pron\u00ebs me zjarr\u201d.<\/p>\n<p>K\u00ebta individ\u00eb, si subjekt i Ligjit Special, duhet t\u2019u p\u00ebrgjigjen me shkrim, brenda 48 or\u00ebsh, t\u00eb gjitha pyetjeve t\u00eb OFL-s\u00eb, t\u00eb cilat do t\u2019i d\u00ebrgohen SPAK-ut, p\u00ebr veprime t\u00eb m\u00ebtejshme.<\/em><\/p>\n<p><em>OFL b\u00ebn me dije se formular\u00ebt e plot\u00ebsuar nga personat q\u00eb u \u00ebsht\u00eb k\u00ebrkuar vet\u00ebdeklarimi jan\u00eb dor\u00ebzuar n\u00eb SPAK, sipas p\u00ebrcaktimit n\u00eb Aktin Normativ nr. 1, t\u00eb dat\u00ebs 31 janar 2020.<\/em><\/p>\n<p><em>P\u00ebr t\u00eb gjitha nismat procedurale dhe operacionet ekzekutive q\u00eb do t\u00eb kryej\u00eb, OFL do t\u00eb informoj\u00eb publikun n\u00eb vijim\u00ebsi.<\/em><\/p>\n","protected":false},"excerpt":{"rendered":"<p>Operacioni Forca e Ligjit i ka d\u00ebrguar k\u00ebrkes\u00eb p\u00ebr deklarimin e pasuris\u00eb dy personave. B\u00ebhet fjal\u00eb p\u00ebr dy persona nga Tirana, shtetasit A.L i d\u00ebnuar n\u00eb Itali p\u00ebr vrasje dhe E.D i d\u00ebnuar p\u00ebr shkat\u00ebrrim prone me an\u00eb t\u00eb zjarrit. Deklarata e OFL Vijon \u00a0me intensitet Operacioni Forca e Ligjit, n\u00eb zbatimit t\u00eb Ligjit Special [&hellip;]<\/p>\n","protected":false},"author":2013,"featured_media":122420,"comment_status":"open","ping_status":"closed","sticky":false,"template":"","format":"standard","meta":{"footnotes":""},"categories":[241,235],"tags":[],"class_list":{"0":"post-122419","1":"post","2":"type-post","3":"status-publish","4":"format-standard","5":"has-post-thumbnail","7":"category-aktualitet","8":"category-vendi"},"_links":{"self":[{"href":"https:\/\/zjarr.tv\/sq\/wp-json\/wp\/v2\/posts\/122419","targetHints":{"allow":["GET"]}}],"collection":[{"href":"https:\/\/zjarr.tv\/sq\/wp-json\/wp\/v2\/posts"}],"about":[{"href":"https:\/\/zjarr.tv\/sq\/wp-json\/wp\/v2\/types\/post"}],"author":[{"embeddable":true,"href":"https:\/\/zjarr.tv\/sq\/wp-json\/wp\/v2\/users\/2013"}],"replies":[{"embeddable":true,"href":"https:\/\/zjarr.tv\/sq\/wp-json\/wp\/v2\/comments?post=122419"}],"version-history":[{"count":0,"href":"https:\/\/zjarr.tv\/sq\/wp-json\/wp\/v2\/posts\/122419\/revisions"}],"wp:featuredmedia":[{"embeddable":true,"href":"https:\/\/zjarr.tv\/sq\/wp-json\/wp\/v2\/media\/122420"}],"wp:attachment":[{"href":"https:\/\/zjarr.tv\/sq\/wp-json\/wp\/v2\/media?parent=122419"}],"wp:term":[{"taxonomy":"category","embeddable":true,"href":"https:\/\/zjarr.tv\/sq\/wp-json\/wp\/v2\/categories?post=122419"},{"taxonomy":"post_tag","embeddable":true,"href":"https:\/\/zjarr.tv\/sq\/wp-json\/wp\/v2\/tags?post=122419"}],"curies":[{"name":"wp","href":"https:\/\/api.w.org\/{rel}","templated":true}]}}