{"id":122442,"date":"2020-02-21T11:19:24","date_gmt":"2020-02-21T10:19:24","guid":{"rendered":"https:\/\/zjarr.tv\/?p=122442"},"modified":"2020-02-21T11:19:24","modified_gmt":"2020-02-21T10:19:24","slug":"dorjan-teliti-edi-rama-me-avion-privat-qeveria-shpenzime-luksi-per-hotele-e-zyra","status":"publish","type":"post","link":"https:\/\/zjarr.tv\/sq\/dorjan-teliti-edi-rama-me-avion-privat-qeveria-shpenzime-luksi-per-hotele-e-zyra\/","title":{"rendered":"Dorjan Teliti: Edi Rama me avion privat, qeveria shpenzime luksi p\u00ebr hotele e zyra"},"content":{"rendered":"<p>Drejtor i kabinetit t\u00eb Partis\u00eb Demokratike, Dorjan Teliti, n\u00eb nj\u00eb dalje p\u00ebr mediat \u00ebsht\u00eb shprehur se kryeministri Rama ka mashtruar shqiptar\u00ebt.<\/p>\n<p>Sipas tij, pas 7 vitesh n\u00eb qeveri, shqiptar\u00ebt jan\u00eb m\u00eb keq, nd\u00ebrsa Rama po jeton n\u00eb luks duke u pajisur edhe m\u00eb nj\u00eb avion.<\/p>\n<p>Po ashtu, Teliti ka shtuar se jan\u00eb 260 milion\u00eb dollar\u00eb q\u00eb i mungon ark\u00ebs s\u00eb shtetit nga viti 2019.<\/p>\n<p>Teli u shpreh se qeveria ka shpenzuar rreth 20 milion\u00eb dollar\u00eb m\u00eb shum\u00eb se nj\u00eb vit m\u00eb par\u00eb n\u00eb hotele, zyra luksoze, udh\u00ebtime me avion\u00eb privat\u00eb.<\/p>\n<p><strong>Dorjan Teliti:<\/strong>\u00a0<em>Edi Rama i g\u00ebnjeu dhe i mashtroi shqiptar\u00ebt, kur erdhi n\u00eb pushtet, duke u premtuar mir\u00ebqenie dhe nj\u00eb jet\u00eb m\u00eb t\u00eb mir\u00eb. 7 vjet m\u00eb pas, shqiptar\u00ebt jan\u00eb m\u00eb keq, nd\u00ebrsa Edi Rama jeton n\u00eb luks, duke u pajisur edhe me nj\u00eb avion privat.<\/em><\/p>\n<p><em>Me 260 milion\u00eb dollar\u00eb q\u00eb i mungojn\u00eb ark\u00ebs s\u00eb shtetit p\u00ebr vitin 2019, kryeministri i votave t\u00eb vjedhura \u00ebsht\u00eb rekordmen i korrupsionit dhe paaft\u00ebsis\u00eb. Nuk ka rritje pagash dhe pensionesh, shtresat n\u00eb nevoj\u00eb vazhdojn\u00eb t\u00eb jen\u00eb t\u00eb braktisura, investime ka gjithmon\u00eb e m\u00eb pak.\u00a0<\/em><\/p>\n<p><em>Luksi qeveritar \u00ebsht\u00eb i vetmi tregues me rritje n\u00eb qeverin\u00eb e Edi Ram\u00ebs, t\u00eb kalb\u00ebzuar nga korrupsioni. P\u00ebr zyra luksoze, hotele t\u00eb shtrenjta, udh\u00ebtime me avion\u00eb privat\u00eb, fasada luksi jan\u00eb shpenzuar rreth 20 milion\u00eb dollar\u00eb m\u00eb shum\u00eb se nj\u00eb vit m\u00eb par\u00eb, duke e shnd\u00ebrruar qeverin\u00eb e korruptuar t\u00eb Ram\u00ebs n\u00eb simbolin e kap \u00e7a t\u2019kap\u00ebsh.<\/em><\/p>\n","protected":false},"excerpt":{"rendered":"<p>Drejtor i kabinetit t\u00eb Partis\u00eb Demokratike, Dorjan Teliti, n\u00eb nj\u00eb dalje p\u00ebr mediat \u00ebsht\u00eb shprehur se kryeministri Rama ka mashtruar shqiptar\u00ebt. Sipas tij, pas 7 vitesh n\u00eb qeveri, shqiptar\u00ebt jan\u00eb m\u00eb keq, nd\u00ebrsa Rama po jeton n\u00eb luks duke u pajisur edhe m\u00eb nj\u00eb avion. Po ashtu, Teliti ka shtuar se jan\u00eb 260 milion\u00eb dollar\u00eb [&hellip;]<\/p>\n","protected":false},"author":2013,"featured_media":59078,"comment_status":"open","ping_status":"closed","sticky":false,"template":"","format":"standard","meta":{"footnotes":""},"categories":[241,235],"tags":[],"class_list":{"0":"post-122442","1":"post","2":"type-post","3":"status-publish","4":"format-standard","5":"has-post-thumbnail","7":"category-aktualitet","8":"category-vendi"},"_links":{"self":[{"href":"https:\/\/zjarr.tv\/sq\/wp-json\/wp\/v2\/posts\/122442","targetHints":{"allow":["GET"]}}],"collection":[{"href":"https:\/\/zjarr.tv\/sq\/wp-json\/wp\/v2\/posts"}],"about":[{"href":"https:\/\/zjarr.tv\/sq\/wp-json\/wp\/v2\/types\/post"}],"author":[{"embeddable":true,"href":"https:\/\/zjarr.tv\/sq\/wp-json\/wp\/v2\/users\/2013"}],"replies":[{"embeddable":true,"href":"https:\/\/zjarr.tv\/sq\/wp-json\/wp\/v2\/comments?post=122442"}],"version-history":[{"count":0,"href":"https:\/\/zjarr.tv\/sq\/wp-json\/wp\/v2\/posts\/122442\/revisions"}],"wp:featuredmedia":[{"embeddable":true,"href":"https:\/\/zjarr.tv\/sq\/wp-json\/wp\/v2\/media\/59078"}],"wp:attachment":[{"href":"https:\/\/zjarr.tv\/sq\/wp-json\/wp\/v2\/media?parent=122442"}],"wp:term":[{"taxonomy":"category","embeddable":true,"href":"https:\/\/zjarr.tv\/sq\/wp-json\/wp\/v2\/categories?post=122442"},{"taxonomy":"post_tag","embeddable":true,"href":"https:\/\/zjarr.tv\/sq\/wp-json\/wp\/v2\/tags?post=122442"}],"curies":[{"name":"wp","href":"https:\/\/api.w.org\/{rel}","templated":true}]}}