{"id":122445,"date":"2020-02-21T11:21:10","date_gmt":"2020-02-21T10:21:10","guid":{"rendered":"https:\/\/zjarr.tv\/?p=122445"},"modified":"2020-02-21T11:21:10","modified_gmt":"2020-02-21T10:21:10","slug":"tabaku-cfare-treguan-190-mln-euro-me-pak-ne-buxhet-per-xhepat-e-shqiptareve","status":"publish","type":"post","link":"https:\/\/zjarr.tv\/sq\/tabaku-cfare-treguan-190-mln-euro-me-pak-ne-buxhet-per-xhepat-e-shqiptareve\/","title":{"rendered":"Tabaku: \u00c7far\u00eb treguan 190 mln euro m\u00eb pak n\u00eb buxhet p\u00ebr xhepat e shqiptar\u00ebve?"},"content":{"rendered":"<p>Ish-deputetja e PD-s\u00eb Jorida Tabaku, shkruan p\u00ebrmes nj\u00eb statusi n\u00eb facebook, se p\u00ebr t\u00eb shtatin vit radhazi, r\u00ebnia e konsumit vazhdon t\u00eb prodhoj\u00eb kriz\u00eb t\u00eb thell\u00eb sidomos p\u00ebr t\u00eb varf\u00ebrit.<\/p>\n<p>\u201cKjo qeveri \u00ebsht\u00eb duke kapur majat e \u00e7do rekordi negativ n\u00eb ekonomi. R\u00ebnia m\u00eb e madhe historike e t\u00eb ardhurave, konsumi m\u00eb i ul\u00ebt n\u00eb vite, r\u00ebnie e pag\u00ebs reale, rritja e varf\u00ebris\u00eb n\u00eb shifra rekord, r\u00ebnia e besimit n\u00eb ekonomi dhe bzines!\u201d shkruan Tabaku.<\/p>\n<p><strong>Postimi i plote:<\/strong><\/p>\n<p>Shqip\u00ebria ka gjasht\u00eb vjet q\u00eb vazhdon t\u00eb ket\u00eb r\u00ebnie t\u00eb mbledhjes s\u00eb t\u00eb ardhurave dhe rritje t\u00eb taksave. Bilanci i \u00e7do fundmuaji \u00ebsht\u00eb nj\u00eb pasqyr\u00eb q\u00eb ka treguar fytyr\u00ebn e v\u00ebrtet\u00eb t\u00eb qeveris\u00eb, m\u00eb shum\u00eb taksa q\u00eb mbledhin m\u00eb pak para, m\u00eb shum\u00eb tarifa q\u00eb sjellin m\u00eb pak shpenzime, m\u00eb pak t\u00eb ardhura q\u00eb kan\u00eb prodhuar m\u00eb tep\u00ebr koncesione.<br \/>\nKy trend u pa i realizuar edhe n\u00eb fillim t\u00eb vitit 2020. T\u00eb ardhurat reale sipas t\u00eb dh\u00ebnave zyrtare jan\u00eb me nj\u00eb rritje negative q\u00eb do t\u00eb thot\u00eb q\u00eb jan\u00eb mbledhur realisht m\u00eb pak t\u00eb ardhura. M\u00eb shqet\u00ebsuesja \u00ebsht\u00eb se t\u00eb ardhurat nga TVSH q\u00eb tregojn\u00eb konsumin kan\u00eb r\u00ebnie. U b\u00eb viti i shtat\u00eb tashm\u00eb q\u00eb r\u00ebnia e konsumit vazhdon t\u00eb prodhoj\u00eb kriz\u00eb t\u00eb thell\u00eb sidomos p\u00ebr t\u00eb varf\u00ebrit.<br \/>\nKjo r\u00ebnie vjen si pasoj\u00eb e dy faktor\u00ebve ky\u00e7; r\u00ebnia e t\u00eb ardhurave si pasoj\u00eb e rritjes s\u00eb taksave dhe tarifave dhe kriza e tregut. K\u00ebto dy faktor\u00eb ndikojn\u00eb m\u00eb s\u00eb shumti n\u00eb familjet e varf\u00ebra dhe t\u00eb shtres\u00ebs s\u00eb mesme. T\u00eb dy k\u00ebto fasha mbajn\u00eb barr\u00ebn e mbi 70% t\u00eb TAP dhe q\u00eb nuk kan\u00eb m\u00eb t\u00eb ardhura p\u00ebr t\u00eb konsumuar si m\u00eb par\u00eb. Taksohen m\u00eb shum\u00eb dhe kan\u00eb m\u00eb pak t\u00ea ardhura.<br \/>\nKjo qeveri \u00ebsht\u00eb duke kapur majat e \u00e7do rekordi negativ n\u00eb ekonomi. R\u00ebnia m\u00eb e madhe historike e t\u00eb ardhurave, konsumi m\u00eb i ul\u00ebt n\u00eb vite, r\u00ebnie e pag\u00ebs reale, rritja e varf\u00ebris\u00eb n\u00eb shifra rekord, r\u00ebnia e besimit n\u00eb ekonomi dhe bzines!<br \/>\nTaksat e ul\u00ebta dhe taksa e shesht\u00eb jan\u00eb incentiva kryesore p\u00ebr t\u00eb mund\u00ebsuar nj\u00eb rritje t\u00eb konsumit. M\u00eb shum\u00eb para p\u00ebr xhepin e \u00e7do qytetari \u00ebsht\u00eb nj\u00eb mund\u00ebsi p\u00ebr t\u00eb shpenzuar. Shqip\u00ebria sot \u00ebsht\u00eb n\u00eb kriz\u00eb t\u00eb thell\u00eb, k\u00ebt\u00eb e d\u00ebshmon dhe buxheti i shtetit. Shqiptar\u00ebt sot mund t\u2019i nxjerr\u00eb nga balta nj\u00eb qeverisje me taksa t\u00eb ul\u00ebta dhe mund\u00ebsi t\u00eb barabarta. Parime q\u00eb jan\u00eb t\u00eb huaja p\u00ebr k\u00ebt\u00eb qeveri, por jan\u00eb angazhim p\u00ebr Partin\u00eb Demokratike dhe opozit\u00ebn.<\/p>\n","protected":false},"excerpt":{"rendered":"<p>Ish-deputetja e PD-s\u00eb Jorida Tabaku, shkruan p\u00ebrmes nj\u00eb statusi n\u00eb facebook, se p\u00ebr t\u00eb shtatin vit radhazi, r\u00ebnia e konsumit vazhdon t\u00eb prodhoj\u00eb kriz\u00eb t\u00eb thell\u00eb sidomos p\u00ebr t\u00eb varf\u00ebrit. \u201cKjo qeveri \u00ebsht\u00eb duke kapur majat e \u00e7do rekordi negativ n\u00eb ekonomi. R\u00ebnia m\u00eb e madhe historike e t\u00eb ardhurave, konsumi m\u00eb i ul\u00ebt n\u00eb [&hellip;]<\/p>\n","protected":false},"author":2013,"featured_media":69477,"comment_status":"open","ping_status":"closed","sticky":false,"template":"","format":"standard","meta":{"footnotes":""},"categories":[241,235],"tags":[],"class_list":{"0":"post-122445","1":"post","2":"type-post","3":"status-publish","4":"format-standard","5":"has-post-thumbnail","7":"category-aktualitet","8":"category-vendi"},"_links":{"self":[{"href":"https:\/\/zjarr.tv\/sq\/wp-json\/wp\/v2\/posts\/122445","targetHints":{"allow":["GET"]}}],"collection":[{"href":"https:\/\/zjarr.tv\/sq\/wp-json\/wp\/v2\/posts"}],"about":[{"href":"https:\/\/zjarr.tv\/sq\/wp-json\/wp\/v2\/types\/post"}],"author":[{"embeddable":true,"href":"https:\/\/zjarr.tv\/sq\/wp-json\/wp\/v2\/users\/2013"}],"replies":[{"embeddable":true,"href":"https:\/\/zjarr.tv\/sq\/wp-json\/wp\/v2\/comments?post=122445"}],"version-history":[{"count":0,"href":"https:\/\/zjarr.tv\/sq\/wp-json\/wp\/v2\/posts\/122445\/revisions"}],"wp:featuredmedia":[{"embeddable":true,"href":"https:\/\/zjarr.tv\/sq\/wp-json\/wp\/v2\/media\/69477"}],"wp:attachment":[{"href":"https:\/\/zjarr.tv\/sq\/wp-json\/wp\/v2\/media?parent=122445"}],"wp:term":[{"taxonomy":"category","embeddable":true,"href":"https:\/\/zjarr.tv\/sq\/wp-json\/wp\/v2\/categories?post=122445"},{"taxonomy":"post_tag","embeddable":true,"href":"https:\/\/zjarr.tv\/sq\/wp-json\/wp\/v2\/tags?post=122445"}],"curies":[{"name":"wp","href":"https:\/\/api.w.org\/{rel}","templated":true}]}}