{"id":122461,"date":"2020-02-21T14:37:34","date_gmt":"2020-02-21T13:37:34","guid":{"rendered":"https:\/\/zjarr.tv\/?p=122461"},"modified":"2020-02-21T14:37:34","modified_gmt":"2020-02-21T13:37:34","slug":"opozita-shendetesia-ne-vdekje-klinike","status":"publish","type":"post","link":"https:\/\/zjarr.tv\/sq\/opozita-shendetesia-ne-vdekje-klinike\/","title":{"rendered":"Opozita: Sh\u00ebndet\u00ebsia n\u00eb vdekje klinike"},"content":{"rendered":"<p><em>Emigrimi i lart\u00eb dhe mungesa e mjek\u00ebve jan\u00eb konsideruar prej opozit\u00ebs probleme thelb\u00ebsore t\u00eb vendit. Ish-kryeministri Sali Berisha n\u00eb nj\u00eb tryez\u00eb t\u00eb posa\u00e7me p\u00ebr sh\u00ebndet\u00ebsin\u00eb theksoi se nuk ka mjek p\u00ebr t\u00eb vizituar gra e f\u00ebmij\u00eb. Lulzim Basha nga ana e tij duke u shprehur se sh\u00ebndet\u00ebsia \u00ebsht\u00eb n\u00eb vdekje klinike, premtoi rritje pagash pas rotacionit t\u00eb pushtetit.<\/em><\/p>\n<p>Opozita ka v\u00ebn\u00eb alarmin sa i p\u00ebrket situat\u00ebs n\u00eb mjek\u00ebsi n\u00eb tryez\u00ebn \u201cSfida dhe vizioni ne shendetesi\u201d. Ish kryeministri\u00a0Sali Berisha\u00a0theksoi se f\u00ebmije e gra nuk po arrijn\u00eb t\u00eb gjejn\u00eb \u00a0pediater dhe gjinekolog ne spitale. Sipas tij parat\u00eb shkojn\u00eb p\u00ebr koncesione dhe PPP-te ndaj Shqip\u00ebria po shkon me nj\u00eb mjek n\u00eb nj\u00eb mij\u00eb apo dy mij\u00eb banor\u00eb.<\/p>\n<p>P\u00ebr kreun e PD Lulzim Basha\u00a0sh\u00ebndet\u00ebsia n\u00eb Shqip\u00ebri \u00ebsht\u00eb n\u00eb \u201cvdekje klinike\u201d.<\/p>\n<p>Basha tha se sapo Partia Demokratike t\u00eb vij\u00eb n\u00eb pushtet, do t\u00eb nis\u00eb menaxhimi i fondeve me anulimin e t\u00eb gjitha koncesioneve me PPP-t q\u00eb vjedhin 35-40 mln euro n\u00eb vit.<\/p>\n<p>K\u00ebshilltari ekonomik pran\u00eb CDU-s\u00eb\u00a0Martin Henze\u00a0i pranish\u00ebm n\u00eb tryez\u00eb ngriti shqet\u00ebsimin e emigracionit t\u00eb lart\u00eb. Sipas tij n\u00ebse n\u00eb Shqip\u00ebri fenomeni i largimeve vazhdon me k\u00ebt\u00eb rit\u00ebm, pas 5-6 vitesh n\u00eb vend do t\u00eb jetojn\u00eb vet\u00ebm moshat e treta.<\/p>\n","protected":false},"excerpt":{"rendered":"<p>Emigrimi i lart\u00eb dhe mungesa e mjek\u00ebve jan\u00eb konsideruar prej opozit\u00ebs probleme thelb\u00ebsore t\u00eb vendit. Ish-kryeministri Sali Berisha n\u00eb nj\u00eb tryez\u00eb t\u00eb posa\u00e7me p\u00ebr sh\u00ebndet\u00ebsin\u00eb theksoi se nuk ka mjek p\u00ebr t\u00eb vizituar gra e f\u00ebmij\u00eb. Lulzim Basha nga ana e tij duke u shprehur se sh\u00ebndet\u00ebsia \u00ebsht\u00eb n\u00eb vdekje klinike, premtoi rritje pagash pas [&hellip;]<\/p>\n","protected":false},"author":2013,"featured_media":122462,"comment_status":"open","ping_status":"closed","sticky":false,"template":"","format":"standard","meta":{"footnotes":""},"categories":[241,235],"tags":[],"class_list":{"0":"post-122461","1":"post","2":"type-post","3":"status-publish","4":"format-standard","5":"has-post-thumbnail","7":"category-aktualitet","8":"category-vendi"},"_links":{"self":[{"href":"https:\/\/zjarr.tv\/sq\/wp-json\/wp\/v2\/posts\/122461","targetHints":{"allow":["GET"]}}],"collection":[{"href":"https:\/\/zjarr.tv\/sq\/wp-json\/wp\/v2\/posts"}],"about":[{"href":"https:\/\/zjarr.tv\/sq\/wp-json\/wp\/v2\/types\/post"}],"author":[{"embeddable":true,"href":"https:\/\/zjarr.tv\/sq\/wp-json\/wp\/v2\/users\/2013"}],"replies":[{"embeddable":true,"href":"https:\/\/zjarr.tv\/sq\/wp-json\/wp\/v2\/comments?post=122461"}],"version-history":[{"count":0,"href":"https:\/\/zjarr.tv\/sq\/wp-json\/wp\/v2\/posts\/122461\/revisions"}],"wp:featuredmedia":[{"embeddable":true,"href":"https:\/\/zjarr.tv\/sq\/wp-json\/wp\/v2\/media\/122462"}],"wp:attachment":[{"href":"https:\/\/zjarr.tv\/sq\/wp-json\/wp\/v2\/media?parent=122461"}],"wp:term":[{"taxonomy":"category","embeddable":true,"href":"https:\/\/zjarr.tv\/sq\/wp-json\/wp\/v2\/categories?post=122461"},{"taxonomy":"post_tag","embeddable":true,"href":"https:\/\/zjarr.tv\/sq\/wp-json\/wp\/v2\/tags?post=122461"}],"curies":[{"name":"wp","href":"https:\/\/api.w.org\/{rel}","templated":true}]}}