{"id":122468,"date":"2020-02-21T14:40:52","date_gmt":"2020-02-21T13:40:52","guid":{"rendered":"https:\/\/zjarr.tv\/?p=122468"},"modified":"2020-02-21T14:40:52","modified_gmt":"2020-02-21T13:40:52","slug":"dalin-shifrat-ja-sa-grante-hua-dhe-donacione-u-dhane-per-rindertimin-e-shqiprise","status":"publish","type":"post","link":"https:\/\/zjarr.tv\/sq\/dalin-shifrat-ja-sa-grante-hua-dhe-donacione-u-dhane-per-rindertimin-e-shqiprise\/","title":{"rendered":"Dalin shifrat, ja sa grante, hua dhe donacione u dhan\u00eb p\u00ebr rind\u00ebrtimin e Shqipris\u00eb"},"content":{"rendered":"<p>Shifra e mbledhur n\u00eb Konferenc\u00ebn e Donator\u00ebve p\u00ebr rind\u00ebrtimin e shqip\u00ebris\u00eb ishte 1.15 mld euro.<\/p>\n<p>Por sa nga k\u00ebto pra jan\u00eb donacione, sa jan\u00eb hua dhe sa jan\u00eb grante?<\/p>\n<p>Grande n\u00eb total &#8211; 295.738.622 \u20ac<\/p>\n<p>Hua n\u00eb total &#8211; 853.017.997 \u20ac<\/p>\n<p>In-kind n\u00eb total &#8211; 3.418.500 \u20ac<\/p>\n<p>Totali i mbledhur 1.152.175.119 \u20ac<\/p>\n<p>Komisioni Evropian ka publikuar gjith\u00eb list\u00ebn e huave dhe donacioneve me gjith\u00eb detajimet:<\/p>\n<p><img decoding=\"async\" class=\"fr-fic fr-dib\" src=\"https:\/\/www.oranews.tv\/storage\/app\/media\/home\/ora\/public_html\/storage\/app\/media\/2020\/02\/21\/Screenshot_4.jpg\" data-result=\"success\" \/><\/p>\n<p><img decoding=\"async\" class=\"fr-fic fr-dib\" src=\"https:\/\/www.oranews.tv\/storage\/app\/media\/home\/ora\/public_html\/storage\/app\/media\/2020\/02\/21\/Screenshot_3.jpg\" data-result=\"success\" \/><\/p>\n<p><img decoding=\"async\" class=\"fr-fic fr-dib\" src=\"https:\/\/www.oranews.tv\/storage\/app\/media\/home\/ora\/public_html\/storage\/app\/media\/2020\/02\/21\/Screenshot_5.jpg\" data-result=\"success\" \/><\/p>\n<p><img decoding=\"async\" class=\"fr-fic fr-dib\" src=\"https:\/\/www.oranews.tv\/storage\/app\/media\/home\/ora\/public_html\/storage\/app\/media\/2020\/02\/21\/Screenshot_6.jpg\" data-result=\"success\" \/><\/p>\n","protected":false},"excerpt":{"rendered":"<p>Shifra e mbledhur n\u00eb Konferenc\u00ebn e Donator\u00ebve p\u00ebr rind\u00ebrtimin e shqip\u00ebris\u00eb ishte 1.15 mld euro. Por sa nga k\u00ebto pra jan\u00eb donacione, sa jan\u00eb hua dhe sa jan\u00eb grante? Grande n\u00eb total &#8211; 295.738.622 \u20ac Hua n\u00eb total &#8211; 853.017.997 \u20ac In-kind n\u00eb total &#8211; 3.418.500 \u20ac Totali i mbledhur 1.152.175.119 \u20ac Komisioni Evropian ka [&hellip;]<\/p>\n","protected":false},"author":2013,"featured_media":122470,"comment_status":"open","ping_status":"closed","sticky":false,"template":"","format":"standard","meta":{"footnotes":""},"categories":[241,235],"tags":[],"class_list":{"0":"post-122468","1":"post","2":"type-post","3":"status-publish","4":"format-standard","5":"has-post-thumbnail","7":"category-aktualitet","8":"category-vendi"},"_links":{"self":[{"href":"https:\/\/zjarr.tv\/sq\/wp-json\/wp\/v2\/posts\/122468","targetHints":{"allow":["GET"]}}],"collection":[{"href":"https:\/\/zjarr.tv\/sq\/wp-json\/wp\/v2\/posts"}],"about":[{"href":"https:\/\/zjarr.tv\/sq\/wp-json\/wp\/v2\/types\/post"}],"author":[{"embeddable":true,"href":"https:\/\/zjarr.tv\/sq\/wp-json\/wp\/v2\/users\/2013"}],"replies":[{"embeddable":true,"href":"https:\/\/zjarr.tv\/sq\/wp-json\/wp\/v2\/comments?post=122468"}],"version-history":[{"count":0,"href":"https:\/\/zjarr.tv\/sq\/wp-json\/wp\/v2\/posts\/122468\/revisions"}],"wp:featuredmedia":[{"embeddable":true,"href":"https:\/\/zjarr.tv\/sq\/wp-json\/wp\/v2\/media\/122470"}],"wp:attachment":[{"href":"https:\/\/zjarr.tv\/sq\/wp-json\/wp\/v2\/media?parent=122468"}],"wp:term":[{"taxonomy":"category","embeddable":true,"href":"https:\/\/zjarr.tv\/sq\/wp-json\/wp\/v2\/categories?post=122468"},{"taxonomy":"post_tag","embeddable":true,"href":"https:\/\/zjarr.tv\/sq\/wp-json\/wp\/v2\/tags?post=122468"}],"curies":[{"name":"wp","href":"https:\/\/api.w.org\/{rel}","templated":true}]}}