{"id":122472,"date":"2020-02-21T14:44:27","date_gmt":"2020-02-21T13:44:27","guid":{"rendered":"https:\/\/zjarr.tv\/?p=122472"},"modified":"2020-02-21T14:44:27","modified_gmt":"2020-02-21T13:44:27","slug":"raportuesja-e-pe-perfundoni-reformen-zgjedhore-ju-vendosni-per-zgjedhje-te-parakohshme","status":"publish","type":"post","link":"https:\/\/zjarr.tv\/sq\/raportuesja-e-pe-perfundoni-reformen-zgjedhore-ju-vendosni-per-zgjedhje-te-parakohshme\/","title":{"rendered":"Raportuesja e PE: P\u00ebrfundoni reform\u00ebn zgjedhore, ju vendosni p\u00ebr zgjedhje t\u00eb parakohshme"},"content":{"rendered":"<p>Raportuesja e Parlamentit Europian e quajti hap t\u00eb mir\u00eb vendimin p\u00ebr shtyrjen e votimit t\u00eb dy pr\/ligjeve pjes\u00eb e t\u00eb ashtuquajtur\u00ebs \u00a0paketa \u2018antishpifje\u201d dhe n\u00ebnvizoi: \u201c<em>Shpresoj q\u00eb t\u00eb merren n\u00eb konsiderat\u00eb t\u00eb gjitha rekomandimet e komisionit t\u00eb Venecias \u201c<\/em><\/p>\n<p>Raportuesja Isabel Santos n\u00ebnvizoi\u00a0<em>\u201cdialogun dhe t\u00eb qenit t\u00eb bashkuar\u00a0<\/em>\u201c mjaft t\u00eb r\u00ebnd\u00ebsishme p\u00ebr procesin e integrimit.<\/p>\n<p><em>&#8220;97 % e qytetar\u00ebve t\u00eb Shqip\u00ebris\u00eb duan q\u00eb t\u00eb jen\u00eb pjes\u00eb e BE. Pra politikan\u00ebt duhet t\u00eb kuptojn\u00eb cili \u00ebsht\u00eb interesi i qytetar\u00ebve dhe interesi i qytetar\u00ebve duhet t\u00eb q\u00ebndroj\u00eb mbi interesat e cdo kujt tjet\u00ebr tonat ose edhe interesat tona si politikan\u00eb, si personalitete dhe mbi interesat e partive politike. Kjo \u00ebsht\u00eb thirrja ime, ky \u00ebsht\u00eb apeli im. Dialog dhe t\u00eb qenit t\u00eb bashkuar n\u00eb Shqip\u00ebri&#8221;.\u00a0<\/em><\/p>\n<p><strong>Zgjedhje t\u00eb parakohshme?<\/strong><\/p>\n<p>Santos tha se \u00ebsht\u00eb nj\u00eb vendim q\u00eb duhet ta marrin aktor\u00ebt politik\u00eb, dhe jo ajo.<\/p>\n<p><em>\u201cKy \u00ebsht\u00eb nj\u00eb vendim q\u00eb duhet marr\u00eb nga aktor\u00ebt politik\u00eb t\u00eb vendit. E vetmja thirrje \u00ebsht\u00eb reforma zgjedhore. Shqip\u00ebria duhet t\u00eb p\u00ebrfundoj\u00eb reform\u00ebn zgjedhore n\u00eb baz\u00eb t\u00eb rekomandimeve t\u00eb OSBE\/ ODIHR . Sa I takon zgjedhjeve t\u00eb parakohshme \u00ebsht\u00eb nj\u00eb vendim q\u00eb aktor\u00ebt politik\u00eb do t\u00eb duhet ta marrin jo un\u00eb.&#8221;\u00a0<\/em><\/p>\n","protected":false},"excerpt":{"rendered":"<p>Raportuesja e Parlamentit Europian e quajti hap t\u00eb mir\u00eb vendimin p\u00ebr shtyrjen e votimit t\u00eb dy pr\/ligjeve pjes\u00eb e t\u00eb ashtuquajtur\u00ebs \u00a0paketa \u2018antishpifje\u201d dhe n\u00ebnvizoi: \u201cShpresoj q\u00eb t\u00eb merren n\u00eb konsiderat\u00eb t\u00eb gjitha rekomandimet e komisionit t\u00eb Venecias \u201c Raportuesja Isabel Santos n\u00ebnvizoi\u00a0\u201cdialogun dhe t\u00eb qenit t\u00eb bashkuar\u00a0\u201c mjaft t\u00eb r\u00ebnd\u00ebsishme p\u00ebr procesin e integrimit. [&hellip;]<\/p>\n","protected":false},"author":2013,"featured_media":122473,"comment_status":"open","ping_status":"closed","sticky":false,"template":"","format":"standard","meta":{"footnotes":""},"categories":[241,235],"tags":[],"class_list":{"0":"post-122472","1":"post","2":"type-post","3":"status-publish","4":"format-standard","5":"has-post-thumbnail","7":"category-aktualitet","8":"category-vendi"},"_links":{"self":[{"href":"https:\/\/zjarr.tv\/sq\/wp-json\/wp\/v2\/posts\/122472","targetHints":{"allow":["GET"]}}],"collection":[{"href":"https:\/\/zjarr.tv\/sq\/wp-json\/wp\/v2\/posts"}],"about":[{"href":"https:\/\/zjarr.tv\/sq\/wp-json\/wp\/v2\/types\/post"}],"author":[{"embeddable":true,"href":"https:\/\/zjarr.tv\/sq\/wp-json\/wp\/v2\/users\/2013"}],"replies":[{"embeddable":true,"href":"https:\/\/zjarr.tv\/sq\/wp-json\/wp\/v2\/comments?post=122472"}],"version-history":[{"count":0,"href":"https:\/\/zjarr.tv\/sq\/wp-json\/wp\/v2\/posts\/122472\/revisions"}],"wp:featuredmedia":[{"embeddable":true,"href":"https:\/\/zjarr.tv\/sq\/wp-json\/wp\/v2\/media\/122473"}],"wp:attachment":[{"href":"https:\/\/zjarr.tv\/sq\/wp-json\/wp\/v2\/media?parent=122472"}],"wp:term":[{"taxonomy":"category","embeddable":true,"href":"https:\/\/zjarr.tv\/sq\/wp-json\/wp\/v2\/categories?post=122472"},{"taxonomy":"post_tag","embeddable":true,"href":"https:\/\/zjarr.tv\/sq\/wp-json\/wp\/v2\/tags?post=122472"}],"curies":[{"name":"wp","href":"https:\/\/api.w.org\/{rel}","templated":true}]}}