{"id":122476,"date":"2020-02-21T14:49:57","date_gmt":"2020-02-21T13:49:57","guid":{"rendered":"https:\/\/zjarr.tv\/?p=122476"},"modified":"2020-02-21T14:49:57","modified_gmt":"2020-02-21T13:49:57","slug":"lushnje-fermeret-perplasen-fizikisht-me-policine","status":"publish","type":"post","link":"https:\/\/zjarr.tv\/sq\/lushnje-fermeret-perplasen-fizikisht-me-policine\/","title":{"rendered":"Lushnje\/ Fermer\u00ebt p\u00ebrplasen fizikisht me policin\u00eb"},"content":{"rendered":"<p>Momente tensioni n\u00eb Lushnje gjat\u00eb protestes s\u00eb Sindikat\u00ebs s\u00eb Fermereve t\u00eb Bashkuar. T\u00eb grumbulluar tek rotundome Savr\u00ebs, ferm\u00ebr\u00ebt e ardhur nga disa zona t\u00eb Myzeqese jan\u00eb p\u00ebrplasur me policin\u00eb.<\/p>\n<p>Forcat e rendit nuk kan\u00eb lejuar q\u00eb ata q\u00eb bllokojn\u00eb rrethrrotullimin dhe mes pal\u00ebve ka pasur incidente. Pavar\u00ebsisht se n\u00eb nj\u00eb moment fermeret can\u00eb rrethimin, forcat e rendit shum\u00eb shpejt I zhvendosen n\u00eb an\u00eb t\u00eb rrug\u00ebs.<\/p>\n<p>Sindikata e fermereve vazhdon t\u00eb shprehe protesten e saj mbi politikat, sipas saj, aspak mb\u00ebshtetese t\u00eb qeveris\u00eb ndaj tyre.<\/p>\n<p>Ajo thot\u00eb se kjo proteste vjen si nevoje e faktit q\u00eb qeveria nuk ka d\u00ebnjuer ti ktheje p\u00ebrgjigje k\u00ebrkesave dhe shqet\u00ebsimeve t\u00eb vazhdueshme t\u00eb sindikates mbi politikat agrare aktuale.<\/p>\n<p>Sindikata thot\u00eb se ka b\u00ebr\u00eb nj\u00eb k\u00ebrkes\u00eb me 5 pika p\u00ebr zgjidhjen e problemeve t\u00eb fermerit por nuk ka marr\u00eb asnj\u00eb sinjal reagimi nga institucionet. Fermeret thon\u00eb se e ndjejn\u00eb veten t\u00eb braktisur nga shteti q\u00eb nuk po i mb\u00ebshtet me subvencione direkte dhe politika t\u00eb tjera mbrojt\u00ebse mbi prodhimin e tyre.<\/p>\n","protected":false},"excerpt":{"rendered":"<p>Momente tensioni n\u00eb Lushnje gjat\u00eb protestes s\u00eb Sindikat\u00ebs s\u00eb Fermereve t\u00eb Bashkuar. T\u00eb grumbulluar tek rotundome Savr\u00ebs, ferm\u00ebr\u00ebt e ardhur nga disa zona t\u00eb Myzeqese jan\u00eb p\u00ebrplasur me policin\u00eb. Forcat e rendit nuk kan\u00eb lejuar q\u00eb ata q\u00eb bllokojn\u00eb rrethrrotullimin dhe mes pal\u00ebve ka pasur incidente. Pavar\u00ebsisht se n\u00eb nj\u00eb moment fermeret can\u00eb rrethimin, forcat [&hellip;]<\/p>\n","protected":false},"author":2013,"featured_media":122477,"comment_status":"open","ping_status":"closed","sticky":false,"template":"","format":"standard","meta":{"footnotes":""},"categories":[241,235],"tags":[],"class_list":{"0":"post-122476","1":"post","2":"type-post","3":"status-publish","4":"format-standard","5":"has-post-thumbnail","7":"category-aktualitet","8":"category-vendi"},"_links":{"self":[{"href":"https:\/\/zjarr.tv\/sq\/wp-json\/wp\/v2\/posts\/122476","targetHints":{"allow":["GET"]}}],"collection":[{"href":"https:\/\/zjarr.tv\/sq\/wp-json\/wp\/v2\/posts"}],"about":[{"href":"https:\/\/zjarr.tv\/sq\/wp-json\/wp\/v2\/types\/post"}],"author":[{"embeddable":true,"href":"https:\/\/zjarr.tv\/sq\/wp-json\/wp\/v2\/users\/2013"}],"replies":[{"embeddable":true,"href":"https:\/\/zjarr.tv\/sq\/wp-json\/wp\/v2\/comments?post=122476"}],"version-history":[{"count":0,"href":"https:\/\/zjarr.tv\/sq\/wp-json\/wp\/v2\/posts\/122476\/revisions"}],"wp:featuredmedia":[{"embeddable":true,"href":"https:\/\/zjarr.tv\/sq\/wp-json\/wp\/v2\/media\/122477"}],"wp:attachment":[{"href":"https:\/\/zjarr.tv\/sq\/wp-json\/wp\/v2\/media?parent=122476"}],"wp:term":[{"taxonomy":"category","embeddable":true,"href":"https:\/\/zjarr.tv\/sq\/wp-json\/wp\/v2\/categories?post=122476"},{"taxonomy":"post_tag","embeddable":true,"href":"https:\/\/zjarr.tv\/sq\/wp-json\/wp\/v2\/tags?post=122476"}],"curies":[{"name":"wp","href":"https:\/\/api.w.org\/{rel}","templated":true}]}}